{"id":772,"date":"2005-08-05T17:14:33","date_gmt":"2005-08-05T16:14:33","guid":{"rendered":"http:\/\/heijbel.wordpress.com\/2005\/08\/05\/foretaget-som-by"},"modified":"2005-08-05T17:14:33","modified_gmt":"2005-08-05T16:14:33","slug":"foretaget-som-by","status":"publish","type":"post","link":"https:\/\/storytellers.se\/?p=772","title":{"rendered":"F\u00f6retaget som by"},"content":{"rendered":"<p>En indianby i Sydamerika eller en nomadiserande samefamilj p\u00e5 Nordkalotten \u00e4r f\u00f6rst\u00e5s intressanta att studera. Vad sjunger de? Hur hanterar de sina d\u00f6da? Vilka \u00e4r deras favoritdikter? Ber\u00e4ttelserna om sj\u00e4lva grupperna och deras liv \u00e4r det kulturkapital som f\u00e5r dem att bli synliga och \u00f6verleva.<\/p>\n<p><!--more--><br \/>\nDet \u00e4r klart f\u00f6r var och en av oss att vi tillh\u00f6r en sl\u00e4kt och att den sl\u00e4kten blir synlig genom ber\u00e4ttelserna om just sl\u00e4kten. I v\u00e5r familj g\u00f6r vi s\u00e5. N\u00e4r vi firar jul g\u00f6r vi det p\u00e5 det viset.<br \/>\n\u00c4ven f\u00f6retag har sina ber\u00e4ttelser. De speglar f\u00f6retagskulturen och om man s\u00e5 vill f\u00f6retagssj\u00e4len. Hur hanterar vi krissituationen om n\u00e5gon tar livet av sig? Locket p\u00e5 eller bred mobilisering i gruppen? Hur introducerar vi nyasnt\u00e4llda? Med en power pointpresentation eller med ett antal ber\u00e4ttelser?<br \/>\nHur agerar vi p\u00e5 v\u00e5ra personalfester? Vad svarar vi i hissen n\u00e4r n\u00e5gon fr\u00e5gar vad vi jobbar med? Har vi koll p\u00e5 v\u00e5r skapelseber\u00e4ttelse? V\u00e5ra hj\u00e4ltar?<br \/>\nF\u00f6retagsber\u00e4ttandet \u00e4r ett s\u00e4tt att ta vara p\u00e5 och anv\u00e4nda kulturkapitalet f\u00f6r att st\u00f6dja f\u00f6retagets uppgift och uppdrag p\u00e5 marknaden.<br \/>\nAtt f\u00f6r ett \u00f6gonblick se f\u00f6retaget som en by kan g\u00f6ra perspektiven tydligare n\u00e4r man b\u00f6rjar intressera sig f\u00f6r Corporate Storytelling.<br \/>\nBer\u00e4ttelserna kan medvetet anv\u00e4ndas f\u00f6r att visa beredskap f\u00f6r olika situationer och f\u00f6r att \u00f6verf\u00f6ra kunskap (knowledge) och v\u00e4rderingar.<\/p>\n","protected":false},"excerpt":{"rendered":"<p>En indianby i Sydamerika eller en nomadiserande samefamilj p\u00e5 Nordkalotten \u00e4r f\u00f6rst\u00e5s intressanta att studera. Vad sjunger de? Hur hanterar de sina d\u00f6da? Vilka \u00e4r deras favoritdikter? Ber\u00e4ttelserna om sj\u00e4lva grupperna och deras liv \u00e4r det kulturkapital som f\u00e5r dem att bli synliga och \u00f6verleva.<\/p>\n","protected":false},"author":2,"featured_media":0,"comment_status":"open","ping_status":"closed","sticky":false,"template":"","format":"standard","meta":[],"categories":[2],"tags":[],"_links":{"self":[{"href":"https:\/\/storytellers.se\/index.php?rest_route=\/wp\/v2\/posts\/772"}],"collection":[{"href":"https:\/\/storytellers.se\/index.php?rest_route=\/wp\/v2\/posts"}],"about":[{"href":"https:\/\/storytellers.se\/index.php?rest_route=\/wp\/v2\/types\/post"}],"author":[{"embeddable":true,"href":"https:\/\/storytellers.se\/index.php?rest_route=\/wp\/v2\/users\/2"}],"replies":[{"embeddable":true,"href":"https:\/\/storytellers.se\/index.php?rest_route=%2Fwp%2Fv2%2Fcomments&post=772"}],"version-history":[{"count":0,"href":"https:\/\/storytellers.se\/index.php?rest_route=\/wp\/v2\/posts\/772\/revisions"}],"wp:attachment":[{"href":"https:\/\/storytellers.se\/index.php?rest_route=%2Fwp%2Fv2%2Fmedia&parent=772"}],"wp:term":[{"taxonomy":"category","embeddable":true,"href":"https:\/\/storytellers.se\/index.php?rest_route=%2Fwp%2Fv2%2Fcategories&post=772"},{"taxonomy":"post_tag","embeddable":true,"href":"https:\/\/storytellers.se\/index.php?rest_route=%2Fwp%2Fv2%2Ftags&post=772"}],"curies":[{"name":"wp","href":"https:\/\/api.w.org\/{rel}","templated":true}]}}