{"id":770,"date":"2005-08-02T17:12:19","date_gmt":"2005-08-02T16:12:19","guid":{"rendered":"http:\/\/heijbel.wordpress.com\/2005\/08\/02\/helande-storytelling"},"modified":"2005-08-02T17:12:19","modified_gmt":"2005-08-02T16:12:19","slug":"helande-storytelling","status":"publish","type":"post","link":"https:\/\/storytellers.se\/?p=770","title":{"rendered":"Helande Storytelling"},"content":{"rendered":"<p>Under en vecka i juli tr\u00e4ffades mer \u00e4n 100 m\u00e4nniskor fr\u00e5n ett 25-tal l\u00e4nder i J\u00e4rna s\u00f6der om Stockholm kring temat Storytelling som l\u00e4kande kraft, Storytelling as a Healing Art. I samband med symposiet bildades ocks\u00e5 Allians f\u00f6r L\u00e4kande Ber\u00e4ttande i Norden, ALBA. Nyckelperson i dessa sammanhang \u00e4r den danska regiss\u00f6ren och storytellern Inger Lise Oelrich. Hon bor i Sverige sen tre \u00e5r.<\/p>\n<p><!--more--><br \/>\nGenom att beskriva och synligg\u00f6ra verkligheten med hj\u00e4lp av muntligt ber\u00e4ttande kan man n\u00e4rma sig vardagens utmaningar och problem p\u00e5 nya sp\u00e4nnande s\u00e4tt. Att detta redan g\u00f6rs bland socialarbetare, terapeuter och pr\u00e4ster \u00e4r kanske inte s\u00e5 konstigt. Det l\u00e4r vara r\u00e4tt vanligt p\u00e5 andra h\u00e5ll i v\u00e4rlden. I Sverige har vi inte riktigt har kommit ig\u00e5ng \u00e4nnu.<br \/>\nD\u00e4rf\u00f6r var symposiet p\u00e5 J\u00e4rna Kulturcentrum n\u00e5got av en historisk h\u00e4ndelse och utvecklingen av f\u00f6reningen ALBA (tyv\u00e4rr ett redan j\u00e4tteexploaterat namn) ska vi f\u00f6lja h\u00e4r p\u00e5 storytellers.se.<br \/>\nStorytelling kan allts\u00e5 vara helande i omsorgsrelationer. Men ocks\u00e5 n\u00e4r man bygger sitt personliga varum\u00e4rke eller presenterar sj\u00e4lvbilden av det egna jaget.<br \/>\nJag \u00e4r \u00f6vertygad om att den kunskap som odlas bland de helande ber\u00e4ttarna kan komma att leta sig l\u00e5ngt in \u00e4ven i f\u00f6retag och organisationer som inte arbetar prim\u00e4rt med omsorg och terapi.<br \/>\nJag upplever ofta att de f\u00f6retag och organisationer som str\u00e4cker sig efter Corporate Storytelling mer eller mindre uttalat s\u00f6ker en terapeutisk relation d\u00e4r s\u00e5 att s\u00e4ga f\u00f6retaget \u00e4r patienten\/klienten.<br \/>\nMed hj\u00e4lp av ber\u00e4ttelser kan man sj\u00e4lvklart synligg\u00f6ra konflikter och \u00f6verf\u00f6ra kunskaper. Man kan minska fr\u00e4mlingsskap, visa \u00f6nskv\u00e4rda beteenden och \u00f6verbrygga spr\u00e5kf\u00f6rbistringar i internationella f\u00f6retag och mellan olika enheter och avdelningar p\u00e5 arbetsplatser.<br \/>\nF\u00f6rsoningstemat d\u00f6k upp under symposiet i J\u00e4rna och n\u00e5gon ber\u00e4ttade, enligt Oelrich, om ett slags f\u00f6rsoningsber\u00e4ttande som l\u00e4r till\u00e4mpas hos en afrikansk stam. N\u00e4r n\u00e5gon exempelvis misshandlat, v\u00e5ldtagit eller d\u00f6dat n\u00e5gon s\u00e5 samlads hela stammen kring f\u00f6r\u00f6varen som f\u00e5r st\u00e5 i mitten.<br \/>\nDe som st\u00e5r runt den som felat ber\u00e4ttar sen i tur och ordning om allt gott de kan komma p\u00e5 och som de minns att den skyldige tidigare har gjort. Det h\u00e4r gillar jag med dig! Du hj\u00e4lpte min syster en g\u00e5ng n\u00e4r hon hade det sv\u00e5rt! Du var s\u00e5 rar mot din mor! osv.<br \/>\nSen l\u00e4mnar man f\u00f6r\u00f6varen ensam med alla dessa bilder. Storytelling som en del av helandet&#8230;<\/p>\n","protected":false},"excerpt":{"rendered":"<p>Under en vecka i juli tr\u00e4ffades mer \u00e4n 100 m\u00e4nniskor fr\u00e5n ett 25-tal l\u00e4nder i J\u00e4rna s\u00f6der om Stockholm kring temat Storytelling som l\u00e4kande kraft, Storytelling as a Healing Art. I samband med symposiet bildades ocks\u00e5 Allians f\u00f6r L\u00e4kande Ber\u00e4ttande i Norden, ALBA. Nyckelperson i dessa sammanhang \u00e4r den danska regiss\u00f6ren och storytellern Inger Lise&#8230;<\/p>\n","protected":false},"author":2,"featured_media":0,"comment_status":"open","ping_status":"closed","sticky":false,"template":"","format":"standard","meta":[],"categories":[2],"tags":[],"_links":{"self":[{"href":"https:\/\/storytellers.se\/index.php?rest_route=\/wp\/v2\/posts\/770"}],"collection":[{"href":"https:\/\/storytellers.se\/index.php?rest_route=\/wp\/v2\/posts"}],"about":[{"href":"https:\/\/storytellers.se\/index.php?rest_route=\/wp\/v2\/types\/post"}],"author":[{"embeddable":true,"href":"https:\/\/storytellers.se\/index.php?rest_route=\/wp\/v2\/users\/2"}],"replies":[{"embeddable":true,"href":"https:\/\/storytellers.se\/index.php?rest_route=%2Fwp%2Fv2%2Fcomments&post=770"}],"version-history":[{"count":0,"href":"https:\/\/storytellers.se\/index.php?rest_route=\/wp\/v2\/posts\/770\/revisions"}],"wp:attachment":[{"href":"https:\/\/storytellers.se\/index.php?rest_route=%2Fwp%2Fv2%2Fmedia&parent=770"}],"wp:term":[{"taxonomy":"category","embeddable":true,"href":"https:\/\/storytellers.se\/index.php?rest_route=%2Fwp%2Fv2%2Fcategories&post=770"},{"taxonomy":"post_tag","embeddable":true,"href":"https:\/\/storytellers.se\/index.php?rest_route=%2Fwp%2Fv2%2Ftags&post=770"}],"curies":[{"name":"wp","href":"https:\/\/api.w.org\/{rel}","templated":true}]}}