{"id":768,"date":"2005-08-01T14:11:15","date_gmt":"2005-08-01T13:11:15","guid":{"rendered":"http:\/\/heijbel.wordpress.com\/2005\/08\/01\/hr-profilen-sommaren-2005"},"modified":"2005-08-01T14:11:15","modified_gmt":"2005-08-01T13:11:15","slug":"hr-profilen-sommaren-2005","status":"publish","type":"post","link":"https:\/\/storytellers.se\/?p=768","title":{"rendered":"HR-profilen sommaren 2005"},"content":{"rendered":"<p>Under rubriken HR-profilen presenterar Pa forum p\u00e5 sin webbplats &#8211; www.paforum.se &#8211; storytellern och journalisten Matts Heijbel. Matts ska under h\u00f6sten delta i en kurs p\u00e5 Pa forum om storytelling som verktyg i v\u00e4rderingsarbetet.<\/p>\n<p><!--more--><br \/>\nAllt fler f\u00f6retag och organisationer hoppar p\u00e5 trenden att ge sitt varum\u00e4rke ett ansikte och fylla det med mening. I h\u00f6st h\u00e5ller en av Sveriges mest erfarna storytellers, Matts Heijbel, en utbildning i \u00e4mnet p\u00e5 PA forum.<br \/>\n&#8211; Det \u00e4r bara att konstatera att storytelling i organisationer kan vara ett kraftfullt verktyg och till stor nytta f\u00f6r dem som vill utveckla sin organisation, sin personal och sina aff\u00e4rer, s\u00e4ger Matts Heijbel.<br \/>\nSedan 1999 har han arbetat med att befolka varum\u00e4rken med hj\u00e4lp av corporate storytelling och d\u00e4rmed tillf\u00f6ra en m\u00e4nsklig dimension som komplement till siffror, OH-bilder och Power Point-presentationer. Han har letat upp, sk\u00f6rdat och dramaturgiskt f\u00f6rpackat storys \u00e5t bland annat Kanal 5, SAS, Proffice, Svenska Taxif\u00f6rbundet och Det Norske Veritas. Hur skapar man d\u00e5 en story?<br \/>\n&#8211; Jag letar fram sanna ber\u00e4ttelser ur f\u00f6retaget som visar nyttan med verksamheten och som ger varum\u00e4rket ett ansikte. F\u00e5r man sedan dessutom andra utanf\u00f6r f\u00f6retaget att f\u00f6ra vidare ber\u00e4ttelserna har man verkligen lyckats i sin PR.<br \/>\nAff\u00e4rsm\u00e4ssig storytelling kommer ursprungligen fr\u00e5n USA och till Sverige f\u00f6rst i slutet av 90-talet. Att intresset f\u00f6r verktyget v\u00e4xer tror Matts Heijbel beror p\u00e5 att m\u00e5nga f\u00f6retag inser att de traditionella budskapen inte alltid n\u00e5r fram.<br \/>\n&#8211; Underfundiga reklamtexter, konstiga diagram och proffsiga presentationer i all \u00e4ra, men vad g\u00f6r f\u00f6retaget egentligen?<br \/>\nM\u00e5nga har sv\u00e5rt att f\u00f6rklara s\u00e5v\u00e4l verksamheten de arbetar i som sin yrkesut\u00f6vning.<br \/>\n&#8211; Det \u00e4r d\u00e5 man ska ta till ber\u00e4ttarkonsten och leta fram en sann story runt en fr\u00e5ga, s\u00e4ger Matts Heijbel.<br \/>\nMer om kursen p\u00e5 &#8211; www.paforum.se &#8211;<\/p>\n","protected":false},"excerpt":{"rendered":"<p>Under rubriken HR-profilen presenterar Pa forum p\u00e5 sin webbplats &#8211; www.paforum.se &#8211; storytellern och journalisten Matts Heijbel. Matts ska under h\u00f6sten delta i en kurs p\u00e5 Pa forum om storytelling som verktyg i v\u00e4rderingsarbetet.<\/p>\n","protected":false},"author":2,"featured_media":0,"comment_status":"closed","ping_status":"closed","sticky":false,"template":"","format":"standard","meta":[],"categories":[3],"tags":[],"_links":{"self":[{"href":"https:\/\/storytellers.se\/index.php?rest_route=\/wp\/v2\/posts\/768"}],"collection":[{"href":"https:\/\/storytellers.se\/index.php?rest_route=\/wp\/v2\/posts"}],"about":[{"href":"https:\/\/storytellers.se\/index.php?rest_route=\/wp\/v2\/types\/post"}],"author":[{"embeddable":true,"href":"https:\/\/storytellers.se\/index.php?rest_route=\/wp\/v2\/users\/2"}],"replies":[{"embeddable":true,"href":"https:\/\/storytellers.se\/index.php?rest_route=%2Fwp%2Fv2%2Fcomments&post=768"}],"version-history":[{"count":0,"href":"https:\/\/storytellers.se\/index.php?rest_route=\/wp\/v2\/posts\/768\/revisions"}],"wp:attachment":[{"href":"https:\/\/storytellers.se\/index.php?rest_route=%2Fwp%2Fv2%2Fmedia&parent=768"}],"wp:term":[{"taxonomy":"category","embeddable":true,"href":"https:\/\/storytellers.se\/index.php?rest_route=%2Fwp%2Fv2%2Fcategories&post=768"},{"taxonomy":"post_tag","embeddable":true,"href":"https:\/\/storytellers.se\/index.php?rest_route=%2Fwp%2Fv2%2Ftags&post=768"}],"curies":[{"name":"wp","href":"https:\/\/api.w.org\/{rel}","templated":true}]}}