{"id":766,"date":"2005-07-20T14:55:57","date_gmt":"2005-07-20T13:55:57","guid":{"rendered":"http:\/\/heijbel.wordpress.com\/2005\/07\/20\/corporate-storytelling-introduktion"},"modified":"2005-07-20T14:55:57","modified_gmt":"2005-07-20T13:55:57","slug":"corporate-storytelling-introduktion","status":"publish","type":"post","link":"https:\/\/storytellers.se\/?p=766","title":{"rendered":"Corporate Storytelling &#8211; Introduktion"},"content":{"rendered":"<p>SENAST UPPDATERAD AUGUSTI 2006<br \/>\nSen tusen\u00e5rsskiftet har Corporate Storytelling &#8211; eller Storytelling i Organisationer som det ocks\u00e5 kallas &#8211; uppm\u00e4rksammats i Sverige. Journalisten, f\u00f6rfattaren och socialantropologen Matts Heijbel \u00e4r den den mest erfarne Corporate Storytellern i Sverige. Han har arbetat med detta sen 1999 bl a med SAS, Kanal 5, Det Norske Veritas, Taxif\u00f6rbundet och N\u00e4ringsdepartementet. Heijbel har internationella kontakter samt utbildar och f\u00f6rel\u00e4ser i \u00e4mnet. Han genomf\u00f6r dessutom, som ingen annan, storytellingprojekt ihop med olika f\u00f6retag och organisationer.<\/p>\n<p><!--more--><br \/>\nVarje f\u00f6retag och varje organisation h\u00e5lls samman och utvecklas med hj\u00e4lp av sina ber\u00e4ttelser. Det vill s\u00e4ga de sanna ber\u00e4ttelserna om och de mentala bilderna av den egna verkligheten. Ber\u00e4ttelserna kompletterar och kan ibland faktiskt helt ers\u00e4tta siffror, diagram och olika juridiska framst\u00e4llningar.<br \/>\nBer\u00e4ttelserna \u00e4r en del av organisationens kulturkapital. De finns alltid d\u00e4r och de kan med f\u00f6rdel sk\u00f6rdas, f\u00f6rpackas och anv\u00e4ndas b\u00e5de i varum\u00e4rkesbyggande, interninformation, marknadsf\u00f6ring och rekryteringssammanhang.<br \/>\nMan betraktar exempelvis f\u00f6retaget som en stam, en tribe eller en by, med ett visst uppdrag. Man letar fram de sanna aff\u00e4rsst\u00f6djande, sammanh\u00e5llande och organisationsutvecklande ber\u00e4ttelserna och anv\u00e4nder dem sen i utvecklingen av organisationen. Detta \u00e4r effektivt och anv\u00e4ndbart, inte minst i m\u00e5l- och visionsarbetet.<br \/>\nDramaturgin i storytellersammanhang skiljer sig fr\u00e5n den i journalistiken, vetenskapen och rapportprosan. Det \u00e4r det en Corporate Storyteller vet. Han eller hon vet ocks\u00e5 hur man aff\u00e4rsmedvetet s\u00f6ker, finner, f\u00f6rpackar och levererar organisationens ber\u00e4ttelser.<br \/>\nStorytellers.se vill vara den naturliga m\u00f6tesplatsen f\u00f6r dem som \u00e4r intresserade av detta och som vill komma i kontakt med professionella Corporate Storytellers och med artiklar och forskning p\u00e5 omr\u00e5det. Eftersom webbplatsen sen augusti 2005 \u00e4r ombyggd till en blogg kan vem som helst kommentera och diskutera f\u00f6reteelsen Corporate Storytelling h\u00e4r. Sommaren 2006 har storytellers.se stadigt ungef\u00e4r 2000 storytellerintresserade bes\u00f6k i m\u00e5naden.<\/p>\n","protected":false},"excerpt":{"rendered":"<p>SENAST UPPDATERAD AUGUSTI 2006 Sen tusen\u00e5rsskiftet har Corporate Storytelling &#8211; eller Storytelling i Organisationer som det ocks\u00e5 kallas &#8211; uppm\u00e4rksammats i Sverige. Journalisten, f\u00f6rfattaren och socialantropologen Matts Heijbel \u00e4r den den mest erfarne Corporate Storytellern i Sverige. Han har arbetat med detta sen 1999 bl a med SAS, Kanal 5, Det Norske Veritas, Taxif\u00f6rbundet och&#8230;<\/p>\n","protected":false},"author":2,"featured_media":0,"comment_status":"open","ping_status":"closed","sticky":false,"template":"","format":"standard","meta":[],"categories":[2],"tags":[],"_links":{"self":[{"href":"https:\/\/storytellers.se\/index.php?rest_route=\/wp\/v2\/posts\/766"}],"collection":[{"href":"https:\/\/storytellers.se\/index.php?rest_route=\/wp\/v2\/posts"}],"about":[{"href":"https:\/\/storytellers.se\/index.php?rest_route=\/wp\/v2\/types\/post"}],"author":[{"embeddable":true,"href":"https:\/\/storytellers.se\/index.php?rest_route=\/wp\/v2\/users\/2"}],"replies":[{"embeddable":true,"href":"https:\/\/storytellers.se\/index.php?rest_route=%2Fwp%2Fv2%2Fcomments&post=766"}],"version-history":[{"count":0,"href":"https:\/\/storytellers.se\/index.php?rest_route=\/wp\/v2\/posts\/766\/revisions"}],"wp:attachment":[{"href":"https:\/\/storytellers.se\/index.php?rest_route=%2Fwp%2Fv2%2Fmedia&parent=766"}],"wp:term":[{"taxonomy":"category","embeddable":true,"href":"https:\/\/storytellers.se\/index.php?rest_route=%2Fwp%2Fv2%2Fcategories&post=766"},{"taxonomy":"post_tag","embeddable":true,"href":"https:\/\/storytellers.se\/index.php?rest_route=%2Fwp%2Fv2%2Ftags&post=766"}],"curies":[{"name":"wp","href":"https:\/\/api.w.org\/{rel}","templated":true}]}}