{"id":764,"date":"2005-07-12T17:50:29","date_gmt":"2005-07-12T16:50:29","guid":{"rendered":"http:\/\/heijbel.wordpress.com\/2005\/07\/12\/german-introduction"},"modified":"2005-07-12T17:50:29","modified_gmt":"2005-07-12T16:50:29","slug":"german-introduction","status":"publish","type":"post","link":"https:\/\/storytellers.se\/?p=764","title":{"rendered":"German Introduction"},"content":{"rendered":"<p>Der Webbplatz ist der Weg zu Schwedens meist erfahrenen Corporate Storyteller.<br \/>\nMatts Heijbel, der Eigent\u00fcmer dieses Platzes, ist Schwedens routiniertester storyteller im Gebiet f\u00fcr Firmen und Organisationen. Er ist Schriftsteller und Journalist mit sozialantrophologischen Grund und hat Vorlesungen mit Steve Denning durchgef\u00fchrt.<\/p>\n<p><!--more--><br \/>\nDie Ambition von Storytellers.se ist es, der nat\u00fcrliche Treffpunkt in Schweden f\u00fcr alle  Interessenten von Corporate Storytelling zu sein. \u00dbber 45.000 Besucher hat der Webbplatz seit der Er\u00f6ffnung im Jahr 2003 notieren k\u00f6nnen. Er wurde ein blogg, er\u00f6ffnet f\u00fcr Interaktivit\u00e4t und Dialog im Jahr 2005, und ist der erste schwedische storytellerblogg.<br \/>\nHier findet man Diskussionen, Artikel von Media, akademische Schriften, Reflektionen und Gedanken f\u00fcr und von Interessenten von Corporate Storytelling.<br \/>\nCorporate Storytelling identifiziert und zusammenstellt die wahre Geschichte der Firmen und Organisationen. Dies dient zur Mobilisierung und zum Aufbau der Warenmarke, Marketing und ist n\u00fctzlich bei der Arbeit um die Firmenkulturelle Identit\u00e4t zu st\u00e4rken.<br \/>\nVerantwortlich f\u00fcr Storytellers.se ist Matts Heijbel, Sozialantropholog, Schriftsteller und Journalist, der seit 1999 mit Corporate Storytelling arbeitet. Er hat zum Beispiel Firmenberichte f\u00fcr die schwedische Regierung, Det Norske Veritas, schwedische kommerzielle Television, SAS, Taxi, Nyn\u00e4s petrolium, die schwedische Regierungskanzlei und die schwedische Polizeihochschule geschrieben.<br \/>\nWas die Digitale Storytelling anbelangt, so arbeitet Storytellers.se seit mehreren Jahren mit Magnus Helander, Moderanfilmer.se, zusammen.<br \/>\nHier k\u00f6nnen Sie Kontakt aufnehmen mit Menschen die firm sind was Firmen und Organisationen in diesem Gebiet ben\u00f6tigen. Sie k\u00f6nnen auch Vorlesungen bestellen oder sich anmelden f\u00fcr Kurse auf diesem Gebiet.<br \/>\nSind Sie an einem Projekt in Schweden interessiert? Oder wollen Sie sich unterrichten und auf dem Laufenden halten was sich auf dem Gebiet Storytelling f\u00fcr Organisationen, corporate storrytelling oder firmengesch\u00e4ftlich in Schweden tut.<br \/>\nKontakten Sie bitte: matts@storytellers.se<\/p>\n","protected":false},"excerpt":{"rendered":"<p>Der Webbplatz ist der Weg zu Schwedens meist erfahrenen Corporate Storyteller. Matts Heijbel, der Eigent\u00fcmer dieses Platzes, ist Schwedens routiniertester storyteller im Gebiet f\u00fcr Firmen und Organisationen. Er ist Schriftsteller und Journalist mit sozialantrophologischen Grund und hat Vorlesungen mit Steve Denning durchgef\u00fchrt.<\/p>\n","protected":false},"author":2,"featured_media":0,"comment_status":"open","ping_status":"closed","sticky":false,"template":"","format":"standard","meta":[],"categories":[12],"tags":[],"_links":{"self":[{"href":"https:\/\/storytellers.se\/index.php?rest_route=\/wp\/v2\/posts\/764"}],"collection":[{"href":"https:\/\/storytellers.se\/index.php?rest_route=\/wp\/v2\/posts"}],"about":[{"href":"https:\/\/storytellers.se\/index.php?rest_route=\/wp\/v2\/types\/post"}],"author":[{"embeddable":true,"href":"https:\/\/storytellers.se\/index.php?rest_route=\/wp\/v2\/users\/2"}],"replies":[{"embeddable":true,"href":"https:\/\/storytellers.se\/index.php?rest_route=%2Fwp%2Fv2%2Fcomments&post=764"}],"version-history":[{"count":0,"href":"https:\/\/storytellers.se\/index.php?rest_route=\/wp\/v2\/posts\/764\/revisions"}],"wp:attachment":[{"href":"https:\/\/storytellers.se\/index.php?rest_route=%2Fwp%2Fv2%2Fmedia&parent=764"}],"wp:term":[{"taxonomy":"category","embeddable":true,"href":"https:\/\/storytellers.se\/index.php?rest_route=%2Fwp%2Fv2%2Fcategories&post=764"},{"taxonomy":"post_tag","embeddable":true,"href":"https:\/\/storytellers.se\/index.php?rest_route=%2Fwp%2Fv2%2Ftags&post=764"}],"curies":[{"name":"wp","href":"https:\/\/api.w.org\/{rel}","templated":true}]}}