{"id":762,"date":"2005-07-12T17:49:28","date_gmt":"2005-07-12T16:49:28","guid":{"rendered":"http:\/\/heijbel.wordpress.com\/2005\/07\/12\/french-introduction"},"modified":"2005-07-12T17:49:28","modified_gmt":"2005-07-12T16:49:28","slug":"french-introduction","status":"publish","type":"post","link":"https:\/\/storytellers.se\/?p=762","title":{"rendered":"French Introduction"},"content":{"rendered":"<p>Ce site Web est la route pour trouver les Corporate Storytellers les plus connus de la Su\u00e8de.<br \/>\nMatts Heijbel, qui dirige le site Web est le storyteller su\u00e9dois le plus exp\u00e9riment\u00e9 dans le domaine des entreprises et organismes. Il est \u00e9crivain et journaliste avec une formation anthropologique et il a entre autres fait des conf\u00e9rences avec Steve Denning.<\/p>\n<p><!--more--><br \/>\nStorytellers.se aspire \u00e0 \u00eatre le lieu de rendez-vous naturel sur l\u2019internet pour ceux qui s\u2019int\u00e9ressent \u00e0 Corporate Storytelling en Su\u00e8de. Le site Web a \u00e9t\u00e9  ouvert en 2003 et depuis lors il a eu 45000 visiteurs. Il est devenu blogue et est ouvert pour interaction et dialogue, devenant le premier blogue storyteller su\u00e9dois en 2005.<br \/>\nL\u00e0 on trouve des discussions, des articles de m\u00e9dia, des m\u00e9moires, des r\u00e9flexions et des commentaires qui sont int\u00e9ressants pour celui qui s\u2019int\u00e9resse pourtant \u00e0 Corporate Storytelling.<br \/>\nCorporate Storytelling identifie et emballe les vraies histoires des entreprises et organismes. Cela pour pouvoir les mobiliser et utiliser dans la construction de la marque de fabrique, dans le marketing et dans le travail courant avec l\u2019identit\u00e9 de la culture d\u2019une entreprise.<br \/>\nLe responsable de Storytellers.se est Matts Heijbel, anthropologue, \u00e9crivain et journaliste qui travaille avec ce Corporate Storytelling depuis 1999. Il s\u2019est occup\u00e9 d\u2019 histoires d\u2019entreprises avec entre autres le gouvernement su\u00e9dois, des entreprises de location, Det Norske Veritas, la t\u00e9l\u00e9vision commerciale su\u00e9doise, Scandinavian Airlines System, Taxi, Nynas Petroleum, le cabinet minist\u00e9riel su\u00e9dois et l\u2019\u00e9cole sup\u00e9rieure de la police.<br \/>\nEn ce qui concerne Digital Storytelling, Storytellers.se collabore depuis plusieurs ann\u00e9es avec Magnus Helander \u00e0 Modernafilmer.se<br \/>\nAinsi vous pouvez entrer en contact avec des gens qui savent ce dont les entreprises et les organismes ont besoin en ce qui concerne ces dimensions. Vous pouvez aussi commander des conf\u00e9rences ou vous inscrire \u00e0 quelqu\u2019un des cours disponibles dans ce domaine.<br \/>\nVous vous int\u00e9ressez \u00e0  un projet d\u2019histoire en Su\u00e8de ? Ou peut-\u00eatre vous voulez savoir ce qui se passe en Su\u00e8de dans le domaine storytelling dans des organismes, corporate storytelling ou business narratives ?<br \/>\nJe vous prie de contacter : matts@storytellers.se<\/p>\n","protected":false},"excerpt":{"rendered":"<p>Ce site Web est la route pour trouver les Corporate Storytellers les plus connus de la Su\u00e8de. Matts Heijbel, qui dirige le site Web est le storyteller su\u00e9dois le plus exp\u00e9riment\u00e9 dans le domaine des entreprises et organismes. Il est \u00e9crivain et journaliste avec une formation anthropologique et il a entre autres fait des conf\u00e9rences&#8230;<\/p>\n","protected":false},"author":2,"featured_media":0,"comment_status":"open","ping_status":"closed","sticky":false,"template":"","format":"standard","meta":[],"categories":[12],"tags":[],"_links":{"self":[{"href":"https:\/\/storytellers.se\/index.php?rest_route=\/wp\/v2\/posts\/762"}],"collection":[{"href":"https:\/\/storytellers.se\/index.php?rest_route=\/wp\/v2\/posts"}],"about":[{"href":"https:\/\/storytellers.se\/index.php?rest_route=\/wp\/v2\/types\/post"}],"author":[{"embeddable":true,"href":"https:\/\/storytellers.se\/index.php?rest_route=\/wp\/v2\/users\/2"}],"replies":[{"embeddable":true,"href":"https:\/\/storytellers.se\/index.php?rest_route=%2Fwp%2Fv2%2Fcomments&post=762"}],"version-history":[{"count":0,"href":"https:\/\/storytellers.se\/index.php?rest_route=\/wp\/v2\/posts\/762\/revisions"}],"wp:attachment":[{"href":"https:\/\/storytellers.se\/index.php?rest_route=%2Fwp%2Fv2%2Fmedia&parent=762"}],"wp:term":[{"taxonomy":"category","embeddable":true,"href":"https:\/\/storytellers.se\/index.php?rest_route=%2Fwp%2Fv2%2Fcategories&post=762"},{"taxonomy":"post_tag","embeddable":true,"href":"https:\/\/storytellers.se\/index.php?rest_route=%2Fwp%2Fv2%2Ftags&post=762"}],"curies":[{"name":"wp","href":"https:\/\/api.w.org\/{rel}","templated":true}]}}