{"id":756,"date":"2005-07-11T13:01:40","date_gmt":"2005-07-11T12:01:40","guid":{"rendered":"http:\/\/heijbel.wordpress.com\/2005\/07\/11\/denning-ger-rad"},"modified":"2005-07-11T13:01:40","modified_gmt":"2005-07-11T12:01:40","slug":"denning-ger-rad","status":"publish","type":"post","link":"https:\/\/storytellers.se\/?p=756","title":{"rendered":"Denning ger r\u00e5d"},"content":{"rendered":"<p>Steve Denning f\u00f6rel\u00e4ste tillsammans med bl a Matts Heijbel p\u00e5 Fabulafestivalen i v\u00e5ras. Temat var Storytelling i f\u00f6retag och organisationer. Denning representerade v\u00e4rlden &#8211;  Heijbel Sverige. I sitt senaste nyhetsbrev, July 2005, kommer Denning med n\u00e5gra r\u00e5d till den som t\u00e4nker anv\u00e4nda ber\u00e4ttandet som verktyg i f\u00f6retagssammanhang. Klassiska r\u00e5d i de h\u00e4r sammanhangen men som t\u00e5l att upprepas g\u00e5ng p\u00e5 g\u00e5ng.<\/p>\n<p><!--more--><br \/>\nJag, Matts Heijbel,  \u00e5terger h\u00e4r fritt lite av Steve Dennings tankar med n\u00e5gra egna reflektioner. Det ligger i m\u00e5ngt och mycket i linje med vad jag sj\u00e4lva brukar s\u00e4ga p\u00e5 mina seminarier och f\u00f6rel\u00e4sningar. Sist finns en l\u00e4nk till Dennings tips.<br \/>\nF\u00f6r det f\u00f6rsta, i det moderna, snabbt f\u00f6r\u00e4nderliga arbetslivet, \u00e4r en rak enkel och direkt ber\u00e4ttarstil mest l\u00e4mplig. F\u00f6retagsber\u00e4ttande \u00e4r inte underh\u00e5llning och beh\u00f6ver inte vara briljant i den meningen. Det \u00e4r inte sj\u00e4lva ber\u00e4ttaren som ska st\u00e5 i centrum eftersom han eller hon  i sj\u00e4lva verket \u00e4r en representant f\u00f6r sin organisation.<br \/>\nF\u00f6r det andra. Var personlig i ditt tonl\u00e4ge. Som om du ber\u00e4ttar direkt till n\u00e5gon som \u00e4r intresserad och som tror p\u00e5 det du s\u00e4ger. Det ger ber\u00e4ttelsen en personlig och spontan karakt\u00e4r som inte k\u00e4nns inrepeterad \u00e4ven om den f\u00f6rst\u00e5s \u00e4r v\u00e4l intr\u00e4nad av ber\u00e4ttaren.<br \/>\nF\u00f6r det tredje. Bygg inte in garderingar och reservationer i din ber\u00e4ttelse. Det \u00e4r inte polemik vi h\u00e5ller p\u00e5 med prim\u00e4rt. Det \u00e4r ber\u00e4ttaren som vet. Det \u00e4r ber\u00e4ttaren som ber\u00e4ttar. Han eller hon vet vad det handlar om och drar d\u00e4rf\u00f6r sin story.<br \/>\nF\u00f6r det fj\u00e4rde: H\u00e5ll en enkel och tydlig tr\u00e5d. Det \u00e4r ber\u00e4ttaren som ber\u00e4ttar om vad som h\u00e4nt. Hur det hela ligger till. Lyckas ber\u00e4ttaren s\u00e5 \u00e4r det inte personen som gjort intryck utan sj\u00e4lva storyn och dess po\u00e4ng som har p\u00e5verkat lyssnaren.<br \/>\nF\u00f6r det femte: Behandla storyn som n\u00e5got v\u00e4rdefullt i sig. Storyn \u00e4r en v\u00e4rdefull och viktig puselbit i ett st\u00f6rre sammanhang. Tr\u00e5den och po\u00e4ngen beror d\u00e4rf\u00f6r inte p\u00e5 vem som ber\u00e4ttar utan p\u00e5 storyns budskap i sig.<br \/>\nTill sist: Var allts\u00e5 dig sj\u00e4lv! Ber\u00e4ttaren ska s\u00e5 l\u00e5ngt som m\u00f6jligt vara sig sj\u00e4lv. Om ber\u00e4ttaren tror p\u00e5 det han eller hon s\u00e4ger s\u00e5 varf\u00f6r inte visa det med insiktens uppt\u00e4ckargl\u00e4dje. Det h\u00e4r st\u00e4mmer. Jag, ber\u00e4ttaren, har sj\u00e4lv upplevt att det \u00e4r s\u00e5 h\u00e4r det ligger till!<br \/>\nVar allts\u00e5 personlig och fri och visa att du tror p\u00e5 vad du s\u00e4ger. H\u00e4r finns Dennings tips: <a href=\"http:\/\/www.stevedenning.com\/slides\/SixCrucialRulesKeynoteSpeakers.pdf\">http:\/\/www.stevedenning.com\/slides\/SixCrucialRulesKeynoteSpeakers.pdf<\/a><\/p>\n","protected":false},"excerpt":{"rendered":"<p>Steve Denning f\u00f6rel\u00e4ste tillsammans med bl a Matts Heijbel p\u00e5 Fabulafestivalen i v\u00e5ras. Temat var Storytelling i f\u00f6retag och organisationer. Denning representerade v\u00e4rlden &#8211; Heijbel Sverige. I sitt senaste nyhetsbrev, July 2005, kommer Denning med n\u00e5gra r\u00e5d till den som t\u00e4nker anv\u00e4nda ber\u00e4ttandet som verktyg i f\u00f6retagssammanhang. Klassiska r\u00e5d i de h\u00e4r sammanhangen men som&#8230;<\/p>\n","protected":false},"author":2,"featured_media":0,"comment_status":"open","ping_status":"closed","sticky":false,"template":"","format":"standard","meta":[],"categories":[2],"tags":[],"_links":{"self":[{"href":"https:\/\/storytellers.se\/index.php?rest_route=\/wp\/v2\/posts\/756"}],"collection":[{"href":"https:\/\/storytellers.se\/index.php?rest_route=\/wp\/v2\/posts"}],"about":[{"href":"https:\/\/storytellers.se\/index.php?rest_route=\/wp\/v2\/types\/post"}],"author":[{"embeddable":true,"href":"https:\/\/storytellers.se\/index.php?rest_route=\/wp\/v2\/users\/2"}],"replies":[{"embeddable":true,"href":"https:\/\/storytellers.se\/index.php?rest_route=%2Fwp%2Fv2%2Fcomments&post=756"}],"version-history":[{"count":0,"href":"https:\/\/storytellers.se\/index.php?rest_route=\/wp\/v2\/posts\/756\/revisions"}],"wp:attachment":[{"href":"https:\/\/storytellers.se\/index.php?rest_route=%2Fwp%2Fv2%2Fmedia&parent=756"}],"wp:term":[{"taxonomy":"category","embeddable":true,"href":"https:\/\/storytellers.se\/index.php?rest_route=%2Fwp%2Fv2%2Fcategories&post=756"},{"taxonomy":"post_tag","embeddable":true,"href":"https:\/\/storytellers.se\/index.php?rest_route=%2Fwp%2Fv2%2Ftags&post=756"}],"curies":[{"name":"wp","href":"https:\/\/api.w.org\/{rel}","templated":true}]}}