{"id":752,"date":"2005-07-01T13:09:38","date_gmt":"2005-07-01T12:09:38","guid":{"rendered":"http:\/\/heijbel.wordpress.com\/2005\/07\/01\/i-arsberattelsen"},"modified":"2005-07-01T13:09:38","modified_gmt":"2005-07-01T12:09:38","slug":"i-arsberattelsen","status":"publish","type":"post","link":"https:\/\/storytellers.se\/?p=752","title":{"rendered":"I \u00e5rsber\u00e4ttelsen"},"content":{"rendered":"<p>Corporate storytelling kan bredda bilden av f\u00f6retaget ocks\u00e5 i \u00e5rsredovisningen. Det \u00e4r en av tankarna n\u00e4r IR-f\u00f6retaget Solberg har sin \u00e5rsredovisningsdag i Stockholm den 14 september. Matts Heijbel talar om storytelling som den mjuka sidan av h\u00e5rda fakta. Bland annat medverkar ocks\u00e5 Lars Melin under rubriken Tydligt budskap eller ren corporate bullshit?<\/p>\n","protected":false},"excerpt":{"rendered":"<p>Corporate storytelling kan bredda bilden av f\u00f6retaget ocks\u00e5 i \u00e5rsredovisningen. Det \u00e4r en av tankarna n\u00e4r IR-f\u00f6retaget Solberg har sin \u00e5rsredovisningsdag i Stockholm den 14 september. Matts Heijbel talar om storytelling som den mjuka sidan av h\u00e5rda fakta. Bland annat medverkar ocks\u00e5 Lars Melin under rubriken Tydligt budskap eller ren corporate bullshit?<\/p>\n","protected":false},"author":2,"featured_media":0,"comment_status":"closed","ping_status":"closed","sticky":false,"template":"","format":"standard","meta":[],"categories":[9],"tags":[],"_links":{"self":[{"href":"https:\/\/storytellers.se\/index.php?rest_route=\/wp\/v2\/posts\/752"}],"collection":[{"href":"https:\/\/storytellers.se\/index.php?rest_route=\/wp\/v2\/posts"}],"about":[{"href":"https:\/\/storytellers.se\/index.php?rest_route=\/wp\/v2\/types\/post"}],"author":[{"embeddable":true,"href":"https:\/\/storytellers.se\/index.php?rest_route=\/wp\/v2\/users\/2"}],"replies":[{"embeddable":true,"href":"https:\/\/storytellers.se\/index.php?rest_route=%2Fwp%2Fv2%2Fcomments&post=752"}],"version-history":[{"count":0,"href":"https:\/\/storytellers.se\/index.php?rest_route=\/wp\/v2\/posts\/752\/revisions"}],"wp:attachment":[{"href":"https:\/\/storytellers.se\/index.php?rest_route=%2Fwp%2Fv2%2Fmedia&parent=752"}],"wp:term":[{"taxonomy":"category","embeddable":true,"href":"https:\/\/storytellers.se\/index.php?rest_route=%2Fwp%2Fv2%2Fcategories&post=752"},{"taxonomy":"post_tag","embeddable":true,"href":"https:\/\/storytellers.se\/index.php?rest_route=%2Fwp%2Fv2%2Ftags&post=752"}],"curies":[{"name":"wp","href":"https:\/\/api.w.org\/{rel}","templated":true}]}}