{"id":750,"date":"2005-07-01T13:08:32","date_gmt":"2005-07-01T12:08:32","guid":{"rendered":"http:\/\/heijbel.wordpress.com\/2005\/07\/01\/hos-polisen"},"modified":"2005-07-01T13:08:32","modified_gmt":"2005-07-01T12:08:32","slug":"hos-polisen","status":"publish","type":"post","link":"https:\/\/storytellers.se\/?p=750","title":{"rendered":"Hos polisen"},"content":{"rendered":"<p>Under sommaren f\u00e5ngar Matts Heijbel tillsammans med Moderna Filmers Magnus Helander polish\u00f6gskolestories p\u00e5 film. Denna digitala storytellinginsats ska b\u00e4dda f\u00f6r en storysk\u00f6rd live i samband med en stor kick off i augusti d\u00e5 Polish\u00f6gskolan inleder ett nytt spr\u00e5ng mot framtiden.<\/p>\n","protected":false},"excerpt":{"rendered":"<p>Under sommaren f\u00e5ngar Matts Heijbel tillsammans med Moderna Filmers Magnus Helander polish\u00f6gskolestories p\u00e5 film. Denna digitala storytellinginsats ska b\u00e4dda f\u00f6r en storysk\u00f6rd live i samband med en stor kick off i augusti d\u00e5 Polish\u00f6gskolan inleder ett nytt spr\u00e5ng mot framtiden.<\/p>\n","protected":false},"author":2,"featured_media":0,"comment_status":"closed","ping_status":"closed","sticky":false,"template":"","format":"standard","meta":[],"categories":[9],"tags":[],"_links":{"self":[{"href":"https:\/\/storytellers.se\/index.php?rest_route=\/wp\/v2\/posts\/750"}],"collection":[{"href":"https:\/\/storytellers.se\/index.php?rest_route=\/wp\/v2\/posts"}],"about":[{"href":"https:\/\/storytellers.se\/index.php?rest_route=\/wp\/v2\/types\/post"}],"author":[{"embeddable":true,"href":"https:\/\/storytellers.se\/index.php?rest_route=\/wp\/v2\/users\/2"}],"replies":[{"embeddable":true,"href":"https:\/\/storytellers.se\/index.php?rest_route=%2Fwp%2Fv2%2Fcomments&post=750"}],"version-history":[{"count":0,"href":"https:\/\/storytellers.se\/index.php?rest_route=\/wp\/v2\/posts\/750\/revisions"}],"wp:attachment":[{"href":"https:\/\/storytellers.se\/index.php?rest_route=%2Fwp%2Fv2%2Fmedia&parent=750"}],"wp:term":[{"taxonomy":"category","embeddable":true,"href":"https:\/\/storytellers.se\/index.php?rest_route=%2Fwp%2Fv2%2Fcategories&post=750"},{"taxonomy":"post_tag","embeddable":true,"href":"https:\/\/storytellers.se\/index.php?rest_route=%2Fwp%2Fv2%2Ftags&post=750"}],"curies":[{"name":"wp","href":"https:\/\/api.w.org\/{rel}","templated":true}]}}