{"id":746,"date":"2005-06-26T13:10:56","date_gmt":"2005-06-26T12:10:56","guid":{"rendered":"http:\/\/heijbel.wordpress.com\/2005\/06\/26\/i-offentlig-verksamhet"},"modified":"2005-06-26T13:10:56","modified_gmt":"2005-06-26T12:10:56","slug":"i-offentlig-verksamhet","status":"publish","type":"post","link":"https:\/\/storytellers.se\/?p=746","title":{"rendered":"I offentlig verksamhet"},"content":{"rendered":"<p>Den 21-22 plus den 23 november h\u00e5ller IQPC konferensen Professionell kommunikation f\u00f6r informat\u00f6rer i offentlig verksamhet. Mats Knutsson p\u00e5 Aktuellt medverkar liksom krisr\u00e5dgivaren Birgitta Darrell och \u00c5rets lobbyist 2003, Theodor Paues. Den 23 november h\u00e5ller Matts Heijbel i en hel temadag om corporate storytelling speciellt f\u00f6r offentliga informat\u00f6rer. http:\/\/www.iqpc.se\/SE-2392<\/p>\n","protected":false},"excerpt":{"rendered":"<p>Den 21-22 plus den 23 november h\u00e5ller IQPC konferensen Professionell kommunikation f\u00f6r informat\u00f6rer i offentlig verksamhet. Mats Knutsson p\u00e5 Aktuellt medverkar liksom krisr\u00e5dgivaren Birgitta Darrell och \u00c5rets lobbyist 2003, Theodor Paues. Den 23 november h\u00e5ller Matts Heijbel i en hel temadag om corporate storytelling speciellt f\u00f6r offentliga informat\u00f6rer. http:\/\/www.iqpc.se\/SE-2392<\/p>\n","protected":false},"author":2,"featured_media":0,"comment_status":"closed","ping_status":"closed","sticky":false,"template":"","format":"standard","meta":[],"categories":[9],"tags":[],"_links":{"self":[{"href":"https:\/\/storytellers.se\/index.php?rest_route=\/wp\/v2\/posts\/746"}],"collection":[{"href":"https:\/\/storytellers.se\/index.php?rest_route=\/wp\/v2\/posts"}],"about":[{"href":"https:\/\/storytellers.se\/index.php?rest_route=\/wp\/v2\/types\/post"}],"author":[{"embeddable":true,"href":"https:\/\/storytellers.se\/index.php?rest_route=\/wp\/v2\/users\/2"}],"replies":[{"embeddable":true,"href":"https:\/\/storytellers.se\/index.php?rest_route=%2Fwp%2Fv2%2Fcomments&post=746"}],"version-history":[{"count":0,"href":"https:\/\/storytellers.se\/index.php?rest_route=\/wp\/v2\/posts\/746\/revisions"}],"wp:attachment":[{"href":"https:\/\/storytellers.se\/index.php?rest_route=%2Fwp%2Fv2%2Fmedia&parent=746"}],"wp:term":[{"taxonomy":"category","embeddable":true,"href":"https:\/\/storytellers.se\/index.php?rest_route=%2Fwp%2Fv2%2Fcategories&post=746"},{"taxonomy":"post_tag","embeddable":true,"href":"https:\/\/storytellers.se\/index.php?rest_route=%2Fwp%2Fv2%2Ftags&post=746"}],"curies":[{"name":"wp","href":"https:\/\/api.w.org\/{rel}","templated":true}]}}