{"id":744,"date":"2005-06-15T13:41:32","date_gmt":"2005-06-15T12:41:32","guid":{"rendered":"http:\/\/heijbel.wordpress.com\/2005\/06\/15\/sas-och-tsunamin"},"modified":"2005-06-15T13:41:32","modified_gmt":"2005-06-15T12:41:32","slug":"sas-och-tsunamin","status":"publish","type":"post","link":"https:\/\/storytellers.se\/?p=744","title":{"rendered":"SAS och tsunamin"},"content":{"rendered":"<p>SAS i Sverige har redan 2004 anv\u00e4nt sig av corporate storytelling f\u00f6r att befolka sitt varum\u00e4rke med bilder av verkliga h\u00e4ndelser i f\u00f6retaget. D\u00e5 samlades, i seminarieform, en rad v\u00e4rderingsspeglande ber\u00e4ttelser in av Matts Heijbel. V\u00e5ren 2005 var det flodv\u00e5gsber\u00e4ttelserna som levererades. Det \u00e4r ber\u00e4ttelser fr\u00e5n de medarbetare som var med i luftbron i samband med tsunamin som for med uppdraget: H\u00e4mta hem dom!<\/p>\n<p><!--more--><br \/>\nFlodv\u00e5gsber\u00e4ttelserna handlar allts\u00e5 om det intensiva arbetet som SAS-medarbetarna hade i anknytning till sj\u00e4lva transporterna. Inte om sj\u00e4lva f\u00f6r\u00f6delsen som de s\u00e5g p\u00e5 plats i Thailand. Ber\u00e4ttelserna skildrar sj\u00e4lva uppdraget och vad det innebar f\u00f6r dem som var inblandade i aktionen.<br \/>\nDet \u00e4r djupt gripande och engagerande ber\u00e4ttelser om teambuilding, arbetets mening, n\u00e4ra passagerarkontakter, gr\u00e4ns\u00f6verskridande samarbete och den uppfinningsrikedom som kr\u00e4vdes f\u00f6r att arbeta under dessa extraordin\u00e4ra f\u00f6rh\u00e5llanden.<br \/>\nBer\u00e4ttelserna ska nu fr\u00e4mst anv\u00e4ndas internt f\u00f6r att se vilka energier och insikter fr\u00e5n luftbron som kan f\u00f6ras in i SAS-vardagen. De kan s\u00e4kert komma att bli goda diskussionsunderlag i samband med ledarskapsfr\u00e5gor och i den l\u00e4rande organisationen.<br \/>\nDe som deltog i luftbron har ber\u00e4ttat om vad de l\u00e4rde sig under den vecka d\u00e5 aktionen p\u00e5gick och deras ber\u00e4ttelser blir nu en del av SAS kulturkapital.<br \/>\nMatts Heijbel samlade in ber\u00e4ttelserna vid tv\u00e5 tillf\u00e4llen i seminarieform med de sammanlagt cirka 80 frivilliga som deltog i luftbron. Efter dramaturgisk bearbetning arbetar de nu med att fylla varum\u00e4rket SAS och f\u00f6rhoppningsvis bidrar de till organisationsutveckling i f\u00f6retaget.<\/p>\n","protected":false},"excerpt":{"rendered":"<p>SAS i Sverige har redan 2004 anv\u00e4nt sig av corporate storytelling f\u00f6r att befolka sitt varum\u00e4rke med bilder av verkliga h\u00e4ndelser i f\u00f6retaget. D\u00e5 samlades, i seminarieform, en rad v\u00e4rderingsspeglande ber\u00e4ttelser in av Matts Heijbel. V\u00e5ren 2005 var det flodv\u00e5gsber\u00e4ttelserna som levererades. Det \u00e4r ber\u00e4ttelser fr\u00e5n de medarbetare som var med i luftbron i samband&#8230;<\/p>\n","protected":false},"author":2,"featured_media":0,"comment_status":"open","ping_status":"closed","sticky":false,"template":"","format":"standard","meta":[],"categories":[4],"tags":[],"_links":{"self":[{"href":"https:\/\/storytellers.se\/index.php?rest_route=\/wp\/v2\/posts\/744"}],"collection":[{"href":"https:\/\/storytellers.se\/index.php?rest_route=\/wp\/v2\/posts"}],"about":[{"href":"https:\/\/storytellers.se\/index.php?rest_route=\/wp\/v2\/types\/post"}],"author":[{"embeddable":true,"href":"https:\/\/storytellers.se\/index.php?rest_route=\/wp\/v2\/users\/2"}],"replies":[{"embeddable":true,"href":"https:\/\/storytellers.se\/index.php?rest_route=%2Fwp%2Fv2%2Fcomments&post=744"}],"version-history":[{"count":0,"href":"https:\/\/storytellers.se\/index.php?rest_route=\/wp\/v2\/posts\/744\/revisions"}],"wp:attachment":[{"href":"https:\/\/storytellers.se\/index.php?rest_route=%2Fwp%2Fv2%2Fmedia&parent=744"}],"wp:term":[{"taxonomy":"category","embeddable":true,"href":"https:\/\/storytellers.se\/index.php?rest_route=%2Fwp%2Fv2%2Fcategories&post=744"},{"taxonomy":"post_tag","embeddable":true,"href":"https:\/\/storytellers.se\/index.php?rest_route=%2Fwp%2Fv2%2Ftags&post=744"}],"curies":[{"name":"wp","href":"https:\/\/api.w.org\/{rel}","templated":true}]}}