{"id":738,"date":"2005-05-27T13:21:09","date_gmt":"2005-05-27T12:21:09","guid":{"rendered":"http:\/\/heijbel.wordpress.com\/2005\/05\/27\/digital-storytelling"},"modified":"2005-05-27T13:21:09","modified_gmt":"2005-05-27T12:21:09","slug":"digital-storytelling","status":"publish","type":"post","link":"https:\/\/storytellers.se\/?p=738","title":{"rendered":"Digital storytelling"},"content":{"rendered":"<p>\u00c4nda sedan v\u00e5ra tidiga f\u00f6rf\u00e4der samlades kring l\u00e4gerelden och utbytte erfarenheter, kunskaper och v\u00e4rderingar har det funnits storytelling. I dag g\u00f6r vi det vid kanske vid fikabordet eller i m\u00f6tesrummet. Ist\u00e4llet f\u00f6r byn har vi arbetsplatsen. N\u00e4r vi samlas kring v\u00e5rt p\u00e5 uppdrag i jobbet anv\u00e4nder vi varum\u00e4rket som symbol och befolkar det. Med tekniken till hj\u00e4lp kan vi nu ocks\u00e5 g\u00f6ra storytellingen digital.<\/p>\n<p><!--more--><br \/>\nDigital Storytelling anv\u00e4nder bl a  modern film- och videoteknik, datorer och n\u00e4tet f\u00f6r att kommunicera ber\u00e4ttelser. M\u00e5nga h\u00e5ller redan p\u00e5 med det och det handlar d\u00e5 ofta om att ge enskilda m\u00e4nniskor m\u00f6jlighet att uttrycka sig. Ett sj\u00e4lvf\u00f6rverkligande.<br \/>\nI ett corporatesammanhang \u00e4r det en metod att med snabb och l\u00e4tt teknik samla och visa de ber\u00e4ttelser som bygger varum\u00e4rken och aff\u00e4rer. Detta g\u00f6r Moderna Filmer, ett ungt proffsigt f\u00f6retag i Stockhom som jobbar med snabb teknik.<br \/>\nDe digitalt f\u00e5ngade och lagrade ber\u00e4ttelserna kan f\u00f6rst\u00e5s vara inifr\u00e5n och ut. Det kan vara inne i organisationen. Men lika g\u00e4rna kan man digitalstorytella utifr\u00e5n och in, allts\u00e5 hitta metoder och teknik f\u00f6r att samla kundernas ber\u00e4ttelser om f\u00f6retaget, produkten eller tj\u00e4nsten och sen kanske visa dem p\u00e5 exempelvis webben.<br \/>\nMagnus Helander p\u00e5 Moderna Filmer har grundligt l\u00e4rt sig storytellingl\u00e4xan under sin utbildning i USA. P\u00e5 ett frukostm\u00f6te den 9 juni kommer han att ber\u00e4tta mer. Jag, Matts Heijbel, finns ocks\u00e5 d\u00e4r och talar kort om digital storytelling ur corporateperspektivet. Det \u00e4r kostnadsfritt och \u00f6ppet f\u00f6r alla.<br \/>\nSe mer p\u00e5http:\/\/www.modernafilmer.se\/storytelling\/<\/p>\n","protected":false},"excerpt":{"rendered":"<p>\u00c4nda sedan v\u00e5ra tidiga f\u00f6rf\u00e4der samlades kring l\u00e4gerelden och utbytte erfarenheter, kunskaper och v\u00e4rderingar har det funnits storytelling. I dag g\u00f6r vi det vid kanske vid fikabordet eller i m\u00f6tesrummet. Ist\u00e4llet f\u00f6r byn har vi arbetsplatsen. N\u00e4r vi samlas kring v\u00e5rt p\u00e5 uppdrag i jobbet anv\u00e4nder vi varum\u00e4rket som symbol och befolkar det. Med tekniken&#8230;<\/p>\n","protected":false},"author":2,"featured_media":0,"comment_status":"closed","ping_status":"closed","sticky":false,"template":"","format":"standard","meta":[],"categories":[2],"tags":[],"_links":{"self":[{"href":"https:\/\/storytellers.se\/index.php?rest_route=\/wp\/v2\/posts\/738"}],"collection":[{"href":"https:\/\/storytellers.se\/index.php?rest_route=\/wp\/v2\/posts"}],"about":[{"href":"https:\/\/storytellers.se\/index.php?rest_route=\/wp\/v2\/types\/post"}],"author":[{"embeddable":true,"href":"https:\/\/storytellers.se\/index.php?rest_route=\/wp\/v2\/users\/2"}],"replies":[{"embeddable":true,"href":"https:\/\/storytellers.se\/index.php?rest_route=%2Fwp%2Fv2%2Fcomments&post=738"}],"version-history":[{"count":0,"href":"https:\/\/storytellers.se\/index.php?rest_route=\/wp\/v2\/posts\/738\/revisions"}],"wp:attachment":[{"href":"https:\/\/storytellers.se\/index.php?rest_route=%2Fwp%2Fv2%2Fmedia&parent=738"}],"wp:term":[{"taxonomy":"category","embeddable":true,"href":"https:\/\/storytellers.se\/index.php?rest_route=%2Fwp%2Fv2%2Fcategories&post=738"},{"taxonomy":"post_tag","embeddable":true,"href":"https:\/\/storytellers.se\/index.php?rest_route=%2Fwp%2Fv2%2Ftags&post=738"}],"curies":[{"name":"wp","href":"https:\/\/api.w.org\/{rel}","templated":true}]}}