{"id":736,"date":"2005-05-27T13:20:22","date_gmt":"2005-05-27T12:20:22","guid":{"rendered":"http:\/\/heijbel.wordpress.com\/2005\/05\/27\/frukost-9-juni"},"modified":"2005-05-27T13:20:22","modified_gmt":"2005-05-27T12:20:22","slug":"frukost-9-juni","status":"publish","type":"post","link":"https:\/\/storytellers.se\/?p=736","title":{"rendered":"Frukost 9 juni"},"content":{"rendered":"<p>Ett \u00f6ppet frukostseminarium aprop\u00e5 Digital Storytelling h\u00e5lls med <a href=\"http:\/\/www.modernafilmer.se\">Moderna Filmer<\/a> och Matts Heijbel, den 9 juni 2005. Klockan 08.00 till 08.45, Essinge Brogata 10, Lilla Essingen. L\u00e4s mer under kategorin Aprop\u00e5 Storytelling och under rubriken Digital Storytelling h\u00e4r p\u00e5 storytellers.se.<\/p>\n","protected":false},"excerpt":{"rendered":"<p>Ett \u00f6ppet frukostseminarium aprop\u00e5 Digital Storytelling h\u00e5lls med Moderna Filmer och Matts Heijbel, den 9 juni 2005. Klockan 08.00 till 08.45, Essinge Brogata 10, Lilla Essingen. L\u00e4s mer under kategorin Aprop\u00e5 Storytelling och under rubriken Digital Storytelling h\u00e4r p\u00e5 storytellers.se.<\/p>\n","protected":false},"author":2,"featured_media":0,"comment_status":"closed","ping_status":"closed","sticky":false,"template":"","format":"standard","meta":[],"categories":[9],"tags":[],"_links":{"self":[{"href":"https:\/\/storytellers.se\/index.php?rest_route=\/wp\/v2\/posts\/736"}],"collection":[{"href":"https:\/\/storytellers.se\/index.php?rest_route=\/wp\/v2\/posts"}],"about":[{"href":"https:\/\/storytellers.se\/index.php?rest_route=\/wp\/v2\/types\/post"}],"author":[{"embeddable":true,"href":"https:\/\/storytellers.se\/index.php?rest_route=\/wp\/v2\/users\/2"}],"replies":[{"embeddable":true,"href":"https:\/\/storytellers.se\/index.php?rest_route=%2Fwp%2Fv2%2Fcomments&post=736"}],"version-history":[{"count":0,"href":"https:\/\/storytellers.se\/index.php?rest_route=\/wp\/v2\/posts\/736\/revisions"}],"wp:attachment":[{"href":"https:\/\/storytellers.se\/index.php?rest_route=%2Fwp%2Fv2%2Fmedia&parent=736"}],"wp:term":[{"taxonomy":"category","embeddable":true,"href":"https:\/\/storytellers.se\/index.php?rest_route=%2Fwp%2Fv2%2Fcategories&post=736"},{"taxonomy":"post_tag","embeddable":true,"href":"https:\/\/storytellers.se\/index.php?rest_route=%2Fwp%2Fv2%2Ftags&post=736"}],"curies":[{"name":"wp","href":"https:\/\/api.w.org\/{rel}","templated":true}]}}