{"id":734,"date":"2005-05-25T13:49:13","date_gmt":"2005-05-25T12:49:13","guid":{"rendered":"http:\/\/heijbel.wordpress.com\/2005\/05\/25\/nyhetsbrev-10-vad-ar-storytelling"},"modified":"2005-05-25T13:49:13","modified_gmt":"2005-05-25T12:49:13","slug":"nyhetsbrev-10-vad-ar-storytelling","status":"publish","type":"post","link":"https:\/\/storytellers.se\/?p=734","title":{"rendered":"Nyhetsbrev 10: Vad \u00e4r Storytelling?"},"content":{"rendered":"<p>Vad \u00e4r egentligen Storytelling? I butiken? P\u00e5 kontoret?  P\u00e5 fabriken? I restauranten? I kulturarvsmilj\u00f6n? S\u00e5 gott  som dagligen konfronteras jag som \u00e4r storyteller i n\u00e4ringslivet med dessa definitionsfr\u00e5gor.<br \/>\nJag kommer  hela tiden i kontakt med m\u00e4nniskor som p\u00e5st\u00e5r att de  h\u00e5ller p\u00e5 med &#8211; just det: Storytelling och jag uppfattar ofta att de missat hela grejen. Det \u00e4r dags f\u00f6r en bok!<\/p>\n<p><!--more--><br \/>\nD\u00e4rf\u00f6r skriver jag nu en bok om Corporate Storytelling i<br \/>\nSverige. Det \u00e4r sjunde boken jag skrivit helt eller delvis<br \/>\noch den kommer ut tidigt i h\u00f6st om allt g\u00e5r enligt<br \/>\nplanerna. Jag ska d\u00e5 f\u00f6rs\u00f6ka reda ut begreppen s\u00e5 att<br \/>\ninte det unika v\u00e4rdet med att ta tillvara organisationens<br \/>\nsanna ber\u00e4ttelser om sig sj\u00e4lv &#8211; och anv\u00e4nda dem<br \/>\naff\u00e4rsm\u00e4ssigt &#8211; g\u00e5r f\u00f6rlorat i en massa<br \/>\npseudober\u00e4ttande.<br \/>\n&#8230;&#8230;&#8230;&#8230;&#8230;&#8230;&#8230;&#8230;.<br \/>\nP\u00e5 Google f\u00e5r man drygt 6 miljoner tr\u00e4ffar om man<br \/>\nskriver in ordet storytelling. Det handlar d\u00e5 oftast om<br \/>\ntr\u00e4ffar som syftar p\u00e5 sagor eller pedagogisk storytelling<br \/>\ni skola och barnuppfostran. P\u00e5hittade bilder av v\u00e4rlden<br \/>\nf\u00f6r att p\u00e5verka m\u00e4nniskor v\u00e4rldsbild. Kul men inte<br \/>\ncorporate.<br \/>\nEn del av Googletr\u00e4ffarna handlar om folkloristisk<br \/>\nstorytelling, det vill s\u00e4ga om den internationella<br \/>\nber\u00e4ttarr\u00f6relsens repertoar d\u00e4r ber\u00e4ttare likt spelm\u00e4n<br \/>\nhar olika intresseomr\u00e5den med ber\u00e4ttelser.<br \/>\nDet kan i den folkloristiska genren till exempel handla<br \/>\nom djurber\u00e4ttelser, nordiskt mytologiska ber\u00e4ttelser,<br \/>\nk\u00f6pmannaber\u00e4ttelser eller pilgrimsber\u00e4ttelser. Allt<br \/>\nmycket intressant men inte kopplat till dagens arbetsliv<br \/>\noch de fantastiska kulturkapital som finns i v\u00e5ra f\u00f6retag<br \/>\noch organisationer, dagens byar. Dagens f\u00f6retag b\u00e4r<br \/>\nfaktiskt f\u00f6rresten redan morgondagens folklore.<br \/>\n&#8230;&#8230;&#8230;&#8230;&#8230;&#8230;&#8230;&#8230;.<br \/>\nOm man d\u00e4remot skirver in &#8221;corporate storytelling&#8221;<br \/>\ninom citattecken \u00e4r man nere under tusen tr\u00e4ffar<br \/>\ninternationellt och l\u00e5ngt f\u00e4rre i Sverige. D\u00e5 b\u00f6rjar vi<br \/>\nn\u00e4rma oss det som www.storytellers.se handlar om.<br \/>\nAtt se f\u00f6retaget som en organisation som har ett<br \/>\nuppdrag och som ska g\u00f6ra en viss nytta. Att denna<br \/>\norganisation f\u00f6rst\u00e5s best\u00e5r av m\u00e4nniskor som<br \/>\nf\u00f6rhoppningsvis g\u00e5r dit frivilligt och vars vardag<br \/>\nbekr\u00e4ftas i ett antal ber\u00e4ttelser f\u00f6rvaltade och<br \/>\nframburna av m\u00e4nniskorna som arbetar d\u00e4r.<br \/>\nBer\u00e4ttelser om hj\u00e4ltar och kunder. Om misstag och<br \/>\nvisioner. Om hur det b\u00f6rjade. Om sorg och<br \/>\ngl\u00e4dje\u00e4mnen och om vad man absolut inte gillar.<br \/>\nPo\u00e4ngen \u00e4r att dessa ber\u00e4ttelser, n\u00e4r de sk\u00f6rdats, kan<br \/>\nanv\u00e4ndas som ett kraftfullt komplement till siffror,<br \/>\ndiagram, kartor och andra abstrakta bilder av f\u00f6retaget<br \/>\noch verksamheten. Att corporate storytelling kan befolka<br \/>\nvarum\u00e4rket med verkligheten.<br \/>\n&#8230;&#8230;&#8230;&#8230;&#8230;&#8230;&#8230;&#8230;.<br \/>\nN\u00e4r man ist\u00e4llet hittar p\u00e5 en saga, en story, f\u00f6r att<br \/>\nkunna g\u00f6ra en installation eller inredning i en butik eller<br \/>\nen restaurant som ger kunderna en upplevelse s\u00e5 \u00e4r<br \/>\ndet f\u00f6rst\u00e5s en slags sagober\u00e4ttande, storytelling. Men<br \/>\nman missar ju hela id\u00e9n med att bygga fr\u00e5n den egna<br \/>\nverkligheten. Sagan funkar d\u00e4rf\u00f6r bara s\u00e5 l\u00e4nge den \u00e4r<br \/>\nl\u00f6nsam sen skrotas den.<br \/>\nN\u00e4r jag nyligen tr\u00e4ffade kulturarvsm\u00e4nniskor fr\u00e5n bland<br \/>\nannat Kalmar Slott, Eketorps fornborg, Sk\u00e4ftek\u00e4rrs<br \/>\nj\u00e4rn\u00e5ldersby och \u00d6lands sk\u00f6rdefest f\u00f6r att diskutera<br \/>\nCorporate Storytelling s\u00e5 handlade det allts\u00e5 inte om<br \/>\nvilka ber\u00e4ttelser de s\u00e4ljer p\u00e5 sina arenor.<br \/>\nDet d\u00e4r kan de redan. Det \u00e4r det de s\u00e4ljer. Ber\u00e4ttelser<br \/>\noch gestaltningar kring historien med Kalmarunionen,<br \/>\nom gamla sk\u00f6rderiter och om j\u00e4rn\u00e5ldersm\u00e4nniskan<br \/>\noch hennes livsstil.<br \/>\nCorporate storytelling f\u00f6r dessa kulturavsspecialister<br \/>\nskulle snarare handla om hur de g\u00e5r tillv\u00e4ga n\u00e4r de ska<br \/>\nforts\u00e4tta att f\u00f6rvalta sina kulturarv. Hur de rekryterar och<br \/>\nargumenterar n\u00e4r de s\u00f6ker pengar. Vad de som arbetar<br \/>\nd\u00e4r i dag skrattar \u00e5t och vad de, nutidsm\u00e4nniskorna,<br \/>\nsjunger n\u00e4r de dansar runt sina egna varum\u00e4rken i dag<br \/>\n\u00e5r 2005.<br \/>\nI Putte Svenssons ber\u00e4ttelser om RockCity Hultsfred<br \/>\nfinns till exempel sp\u00e4nnade ber\u00e4ttelser om hur det hela<br \/>\nb\u00f6rjade. Hur ett antal personer lyckades s\u00e4tta Hultsfred<br \/>\np\u00e5 rockkartan. Lika intressant \u00e4r det f\u00f6rst\u00e5s med Carl-<br \/>\nJan Granqvist och hur han skapade allt med bland<br \/>\nannat M\u00e5ltidens hus i Grythyttan. Det \u00e4r Corporate<br \/>\nStorytelling i kulturarvet.<br \/>\nIshotellet har sin skapelseber\u00e4ttelse och nu \u00e4r ett<br \/>\nglashotell p\u00e5 g\u00e5ng nere i Sm\u00e5land. Det kan vi f\u00f6rst\u00e5s<br \/>\nber\u00e4tta om i vision\u00e4ra Corporate Storytellingformat<br \/>\nredan innan det b\u00f6rjar byggas.<br \/>\n&#8230;&#8230;&#8230;&#8230;&#8230;&#8230;&#8230;&#8230;.<br \/>\nCorporate Storytelling, som jag ser det, handlar allts\u00e5<br \/>\nom att s\u00f6ka, finna och dramaturgiskt f\u00f6rpacka<br \/>\nf\u00f6retagets eller organisationens egna ber\u00e4ttelser om<br \/>\nsig sj\u00e4lv, sina kunder och sin verksamhet.<br \/>\nI sj\u00e4lva f\u00f6rpackandet av ber\u00e4ttelserna kr\u00e4vs det en<br \/>\ndramaturgisk kompetens s\u00e5 att det blir Corporate<br \/>\nStorytelling och inte vanlig historieskrivning, journalistik,<br \/>\nreportage eller rapport.<br \/>\nCorporate Storytelling ska helst f\u00f6rpackas s\u00e5 det har en<br \/>\nm\u00f6jlighet att bidra till en muntlig ber\u00e4ttartradition<br \/>\nbaserad p\u00e5 verkligheten.<br \/>\nDetta ska jag beskriva och bena ut i den kommande<br \/>\nboken om Corporate Storytelling i Sverige. Jag ska ge<br \/>\nm\u00e5nga handfasta tips och exempel f\u00f6r den som inte vill<br \/>\nslarva bort denna historiska chans att involvera<br \/>\nkulturkapitalet i v\u00e5ra aff\u00e4rsverksamheter. Corporate<br \/>\nStorytelling ska, enligt detta syns\u00e4tt, bygga aff\u00e4rer med<br \/>\nsanna ber\u00e4ttelser ur organisationen.<br \/>\nDet \u00e4r ett v\u00e4ldigt effektivt och roligt s\u00e4tt att arbeta. Mycket<br \/>\ntrevligare \u00e4n alla p\u00e5hittade copy- och annonstexter och<br \/>\nTV-reklam med t\u00f6ntar som p\u00e5 ett lustigt s\u00e4tt ska s\u00e4ga<br \/>\nlarviga saker p\u00e5 dialekt f\u00f6r att s\u00e4lja en produkt eller en<br \/>\ntj\u00e4nst.<br \/>\n&#8230;&#8230;&#8230;&#8230;&#8230;&#8230;&#8230;&#8230;.<br \/>\nJag som skriver detta nyhetsbrev heter Matts Heijbel.<br \/>\nJag arbetar med corporate storytelling och ansvarar f\u00f6r<br \/>\nwebbplatsen http:\/\/www.storytellers.se<\/p>\n","protected":false},"excerpt":{"rendered":"<p>Vad \u00e4r egentligen Storytelling? I butiken? P\u00e5 kontoret? P\u00e5 fabriken? I restauranten? I kulturarvsmilj\u00f6n? S\u00e5 gott som dagligen konfronteras jag som \u00e4r storyteller i n\u00e4ringslivet med dessa definitionsfr\u00e5gor. Jag kommer hela tiden i kontakt med m\u00e4nniskor som p\u00e5st\u00e5r att de h\u00e5ller p\u00e5 med &#8211; just det: Storytelling och jag uppfattar ofta att de missat hela&#8230;<\/p>\n","protected":false},"author":2,"featured_media":0,"comment_status":"closed","ping_status":"closed","sticky":false,"template":"","format":"standard","meta":[],"categories":[8],"tags":[],"_links":{"self":[{"href":"https:\/\/storytellers.se\/index.php?rest_route=\/wp\/v2\/posts\/734"}],"collection":[{"href":"https:\/\/storytellers.se\/index.php?rest_route=\/wp\/v2\/posts"}],"about":[{"href":"https:\/\/storytellers.se\/index.php?rest_route=\/wp\/v2\/types\/post"}],"author":[{"embeddable":true,"href":"https:\/\/storytellers.se\/index.php?rest_route=\/wp\/v2\/users\/2"}],"replies":[{"embeddable":true,"href":"https:\/\/storytellers.se\/index.php?rest_route=%2Fwp%2Fv2%2Fcomments&post=734"}],"version-history":[{"count":0,"href":"https:\/\/storytellers.se\/index.php?rest_route=\/wp\/v2\/posts\/734\/revisions"}],"wp:attachment":[{"href":"https:\/\/storytellers.se\/index.php?rest_route=%2Fwp%2Fv2%2Fmedia&parent=734"}],"wp:term":[{"taxonomy":"category","embeddable":true,"href":"https:\/\/storytellers.se\/index.php?rest_route=%2Fwp%2Fv2%2Fcategories&post=734"},{"taxonomy":"post_tag","embeddable":true,"href":"https:\/\/storytellers.se\/index.php?rest_route=%2Fwp%2Fv2%2Ftags&post=734"}],"curies":[{"name":"wp","href":"https:\/\/api.w.org\/{rel}","templated":true}]}}