{"id":732,"date":"2005-05-20T13:26:29","date_gmt":"2005-05-20T12:26:29","guid":{"rendered":"http:\/\/heijbel.wordpress.com\/2005\/05\/20\/mervarden-hos-pnl"},"modified":"2005-05-20T13:26:29","modified_gmt":"2005-05-20T12:26:29","slug":"mervarden-hos-pnl","status":"publish","type":"post","link":"https:\/\/storytellers.se\/?p=732","title":{"rendered":"Merv\u00e4rden hos PNL"},"content":{"rendered":"<p>Den 24 maj deltar Matts Heijbel i en utbildningsdag hos logistikf\u00f6retaget PNL. Under rubriken Kunder &amp; L\u00f6sningar ska deltagarna diskutera hur man kan addera merv\u00e4rden till distributionsverksamheten med hj\u00e4lp av planerad corporate storytelling. PNL kan redan norra Europa men blickar nu ocks\u00e5 ut \u00f6ver v\u00e4rlden under f\u00e4ltropet: Vi kopplar Norden till jorden.<\/p>\n","protected":false},"excerpt":{"rendered":"<p>Den 24 maj deltar Matts Heijbel i en utbildningsdag hos logistikf\u00f6retaget PNL. Under rubriken Kunder &amp; L\u00f6sningar ska deltagarna diskutera hur man kan addera merv\u00e4rden till distributionsverksamheten med hj\u00e4lp av planerad corporate storytelling. PNL kan redan norra Europa men blickar nu ocks\u00e5 ut \u00f6ver v\u00e4rlden under f\u00e4ltropet: Vi kopplar Norden till jorden.<\/p>\n","protected":false},"author":2,"featured_media":0,"comment_status":"closed","ping_status":"closed","sticky":false,"template":"","format":"standard","meta":[],"categories":[9],"tags":[],"_links":{"self":[{"href":"https:\/\/storytellers.se\/index.php?rest_route=\/wp\/v2\/posts\/732"}],"collection":[{"href":"https:\/\/storytellers.se\/index.php?rest_route=\/wp\/v2\/posts"}],"about":[{"href":"https:\/\/storytellers.se\/index.php?rest_route=\/wp\/v2\/types\/post"}],"author":[{"embeddable":true,"href":"https:\/\/storytellers.se\/index.php?rest_route=\/wp\/v2\/users\/2"}],"replies":[{"embeddable":true,"href":"https:\/\/storytellers.se\/index.php?rest_route=%2Fwp%2Fv2%2Fcomments&post=732"}],"version-history":[{"count":0,"href":"https:\/\/storytellers.se\/index.php?rest_route=\/wp\/v2\/posts\/732\/revisions"}],"wp:attachment":[{"href":"https:\/\/storytellers.se\/index.php?rest_route=%2Fwp%2Fv2%2Fmedia&parent=732"}],"wp:term":[{"taxonomy":"category","embeddable":true,"href":"https:\/\/storytellers.se\/index.php?rest_route=%2Fwp%2Fv2%2Fcategories&post=732"},{"taxonomy":"post_tag","embeddable":true,"href":"https:\/\/storytellers.se\/index.php?rest_route=%2Fwp%2Fv2%2Ftags&post=732"}],"curies":[{"name":"wp","href":"https:\/\/api.w.org\/{rel}","templated":true}]}}