{"id":720,"date":"2005-04-27T09:32:22","date_gmt":"2005-04-27T08:32:22","guid":{"rendered":"http:\/\/heijbel.wordpress.com\/2005\/04\/27\/nyhetsbrev-9-storytellerakademin"},"modified":"2005-04-27T09:32:22","modified_gmt":"2005-04-27T08:32:22","slug":"nyhetsbrev-9-storytellerakademin","status":"publish","type":"post","link":"https:\/\/storytellers.se\/?p=720","title":{"rendered":"Nyhetsbrev 9: Storytellerakademin"},"content":{"rendered":"<p>Den h\u00e4r g\u00e5ngen ska jag bland annat ber\u00e4tta om Storytellerakademin. Du ska ocks\u00e5 f\u00e5 storyn om brandvarnaren. Jag fick h\u00f6ra den nyligen fr\u00e5n en person inom R\u00e4ddningstj\u00e4nsten. Det finns nu ocks\u00e5 en ny l\u00e5ng artikel om corporate storytelling som du kan l\u00e4sa p\u00e5 http:\/\/www.storytellers.se<\/p>\n<p><!--more--><br \/>\nEtt 30-tal personalspecialister har anm\u00e4lt sig till ett seminarium som jag h\u00e5ller ihop med Otto Granberg och PA-forum ( http:\/\/www.paforum.se ) senare i veckan. Det \u00e4r sp\u00e4nnande. Jag \u00e4r \u00f6vertygad om att personalare har mycket att h\u00e4mta i ber\u00e4ttarv\u00e4rlden.<br \/>\nTanken \u00e4r att vi ska f\u00f6rs\u00f6ka utveckla metoder som g\u00f6r organisationens v\u00e4rderingar synliga med hj\u00e4lp av verkliga ber\u00e4ttelser. Medarbetare ska sen kunna enas om vilka sanna h\u00e4ndelser som b\u00e4st skildrar organisationens v\u00e4rdegrund.<br \/>\nDen v\u00e4gen ska man kunna hitta fram till b\u00e4rande och trov\u00e4rdiga ord kring mission och vision. Ord och begrepp som faktiskt \u00e4r f\u00f6rankrade i organisationen med hj\u00e4lp av ett antal ber\u00e4ttelser.<br \/>\n&#8230;&#8230;&#8230;&#8230;&#8230;&#8230;&#8230;&#8230;&#8230;&#8230;<br \/>\nStorytellerakademin registrerades rent juridiskt redan 2003. Nu har verkligheten mognat s\u00e5 pass att det \u00e4r dags att s\u00e4tta ig\u00e5ng den. Cirka 1500 bes\u00f6k i m\u00e5naden p\u00e5 http:\/\/www.storytellers.se och rader av seminarier och f\u00f6rel\u00e4sningar g\u00f6r att underlaget nu finns.<br \/>\nDet handlar allts\u00e5 om utbildning, diplomering och kanske p\u00e5 sikt certifiering kring corporate storytelling. Det vill s\u00e4ga anv\u00e4ndadet av organisationens verkliga ber\u00e4ttelser f\u00f6r att befolka varum\u00e4rket och utveckla organisation och aff\u00e4rer. Man ska ocks\u00e5 kunna komma i kontakt med en professionell storyteller. Det finns mer att l\u00e4sa om detta p\u00e5 http:\/\/www.storytellers.se<br \/>\n&#8230;&#8230;&#8230;&#8230;&#8230;&#8230;&#8230;&#8230;&#8230;&#8230;<br \/>\nKommunikationsexperterna och rekryterarna p\u00e5 Hammer &amp; Hanborg har i sitt senaste nyhetsbrev, 2\/2005, en l\u00e5ng intervju med Matts Heijbel aprop\u00e5 corporate storytelling. Den finns ocks\u00e5 upplagd p\u00e5 http:\/\/www.storytellers.se<br \/>\n&#8230;&#8230;&#8230;&#8230;&#8230;&#8230;&#8230;&#8230;&#8230;&#8230;<br \/>\nS\u00e5 storyn fr\u00e5n R\u00e4ddningstj\u00e4nsten:<br \/>\nP\u00e5 R\u00e4ddningstj\u00e4nsten vet man att brandvarnare r\u00e4ddar liv och egendom. D\u00e4rf\u00f6r arbetar man, liksom ocks\u00e5 f\u00f6rs\u00e4kringsbolagen, p\u00e5 olika s\u00e4tt f\u00f6r att f\u00e5 m\u00e4nniskor att skaffa och anv\u00e4nda brandvarnare.<br \/>\nNyligen ryckte brandbilarna ut till en villa i Stockholmstrakten som stod i brand. Den blev sv\u00e5rt skadad innan man fick stopp p\u00e5 elden.<br \/>\nFamiljen, som stod utanf\u00f6r och gr\u00e4t n\u00e4r deras hem blev l\u00e5gornas rov, hade suttit p\u00e5 \u00f6verv\u00e5ningen och sett p\u00e5 TV n\u00e4r de m\u00e4rkte att det brann i k\u00f6ket. De fick r\u00e4dda sig ut i sista sekunden.<br \/>\nSt\u00f6rre delen av bottenv\u00e5ningen var helt f\u00f6rkolnad och hela huset blev vattenskadat innan elden var sl\u00e4ckt. Det visade sig senare att det var kaffekokaren som var brandorsaken.<br \/>\nN\u00e4r brandm\u00e4nnen till slut kunde g\u00e5 in f\u00f6r att unders\u00f6ka brandplatsen s\u00e5 visade det sig, m\u00e4rkligt nog, att sj\u00e4lva kylsk\u00e5pet och kylsk\u00e5psd\u00f6rren hade klarat sig.<br \/>\nD\u00e4r bland n\u00e5gra familjefoton och vykort, som satt med kylsk\u00e5psmagneter, fanns ocks\u00e5 post-it-lappar d\u00e4r det stod vad som beh\u00f6vde k\u00f6pas till hemmet.<br \/>\nP\u00e5 en av de sotiga lapparna stod textat: K\u00d6P BRANDVARNARE!<\/p>\n","protected":false},"excerpt":{"rendered":"<p>Den h\u00e4r g\u00e5ngen ska jag bland annat ber\u00e4tta om Storytellerakademin. Du ska ocks\u00e5 f\u00e5 storyn om brandvarnaren. Jag fick h\u00f6ra den nyligen fr\u00e5n en person inom R\u00e4ddningstj\u00e4nsten. Det finns nu ocks\u00e5 en ny l\u00e5ng artikel om corporate storytelling som du kan l\u00e4sa p\u00e5 http:\/\/www.storytellers.se<\/p>\n","protected":false},"author":2,"featured_media":0,"comment_status":"open","ping_status":"closed","sticky":false,"template":"","format":"standard","meta":[],"categories":[8],"tags":[],"_links":{"self":[{"href":"https:\/\/storytellers.se\/index.php?rest_route=\/wp\/v2\/posts\/720"}],"collection":[{"href":"https:\/\/storytellers.se\/index.php?rest_route=\/wp\/v2\/posts"}],"about":[{"href":"https:\/\/storytellers.se\/index.php?rest_route=\/wp\/v2\/types\/post"}],"author":[{"embeddable":true,"href":"https:\/\/storytellers.se\/index.php?rest_route=\/wp\/v2\/users\/2"}],"replies":[{"embeddable":true,"href":"https:\/\/storytellers.se\/index.php?rest_route=%2Fwp%2Fv2%2Fcomments&post=720"}],"version-history":[{"count":0,"href":"https:\/\/storytellers.se\/index.php?rest_route=\/wp\/v2\/posts\/720\/revisions"}],"wp:attachment":[{"href":"https:\/\/storytellers.se\/index.php?rest_route=%2Fwp%2Fv2%2Fmedia&parent=720"}],"wp:term":[{"taxonomy":"category","embeddable":true,"href":"https:\/\/storytellers.se\/index.php?rest_route=%2Fwp%2Fv2%2Fcategories&post=720"},{"taxonomy":"post_tag","embeddable":true,"href":"https:\/\/storytellers.se\/index.php?rest_route=%2Fwp%2Fv2%2Ftags&post=720"}],"curies":[{"name":"wp","href":"https:\/\/api.w.org\/{rel}","templated":true}]}}