{"id":716,"date":"2005-04-20T13:35:41","date_gmt":"2005-04-20T12:35:41","guid":{"rendered":"http:\/\/heijbel.wordpress.com\/2005\/04\/20\/storytellerakademin"},"modified":"2005-04-20T13:35:41","modified_gmt":"2005-04-20T12:35:41","slug":"storytellerakademin","status":"publish","type":"post","link":"https:\/\/storytellers.se\/?p=716","title":{"rendered":"Storytellerakademin"},"content":{"rendered":"<p>Storytellerakademin registrerades rent juridiskt av Matts Heijbel \u00e5r 2003 f\u00f6r att kunna aktiveras n\u00e4r marknaden blivit mogen. Nu tycks tiden vara mogen och det \u00e4r l\u00e4ge att bygga upp en organisation som har till uppgift att brett tillsammans med arbetslivet utveckla och kvalitetss\u00e4kra god och aff\u00e4rsm\u00e4sigt medveten corporate storytelling i Sverige. Vill du\/ni vara med?<\/p>\n<p><!--more--><br \/>\nJag hoppas att storytellerakademin ska kunna ta ansvar f\u00f6r utbildning och p\u00e5 sikt diplomering, kanske ocks\u00e5 certifiering, inom omr\u00e5det corporate storytelling. Akademin ska kvalitetss\u00e4kra arbetet och samla och sprida erfarenheter.<br \/>\nI kunskapsgrunden ligger de erfarenheter och insikter som Matts Heijbel och pionj\u00e4rf\u00f6retagen f\u00e5tt under de f\u00f6rsta \u00e5ren.<br \/>\nJag, Matts Heijbel, har arbetat med storytelling inom en rad f\u00f6retag och organisationer. Jag har insyn och kunskap om storytellerscenen i Sverige och kan knyta de f\u00e5 skickliga och aff\u00e4rsm\u00e4ssigt medvetna storytellers som finns i landet till akademin. Jag har ocks\u00e5 internationella kontakter. Corporate storytellers ska f\u00f6rst\u00e5 att corporate storytelling \u00e4r till f\u00f6r att st\u00f6dja aff\u00e4rer och organisationsutveckling.<br \/>\nJag t\u00e4nker mig i f\u00f6rsta hand f\u00f6retagsmedlemskap, eller f\u00f6retagsabonnemang. Men hur ska det hela se ut? Vad ska de som \u00e4r med f\u00e5 f\u00f6r sin avgift? F\u00f6rel\u00e4sningar? Storytellerr\u00e5dgivning? Utbildning? F\u00f6retagsanpassat storytellingsk\u00f6rdande? Litteratur?<br \/>\nSkicka synpunkter och intresseanm\u00e4lan om detta till matts@storytellers.se s\u00e5 h\u00e5ller jag dig\/er informerade. Kanske drar vi ihop ett inledande m\u00f6te d\u00e5 vi bildar en str\u00e5lande storytellerakademi tillsammans.<br \/>\nJag kan ocks\u00e5 t\u00e4nka mig att enskilda individer kan vara medlemmar. Ge g\u00e4rna synpunkter p\u00e5 detta och anm\u00e4l intresse till matts@storytellers.se<br \/>\nMatts Heijbel i april 2005<\/p>\n","protected":false},"excerpt":{"rendered":"<p>Storytellerakademin registrerades rent juridiskt av Matts Heijbel \u00e5r 2003 f\u00f6r att kunna aktiveras n\u00e4r marknaden blivit mogen. Nu tycks tiden vara mogen och det \u00e4r l\u00e4ge att bygga upp en organisation som har till uppgift att brett tillsammans med arbetslivet utveckla och kvalitetss\u00e4kra god och aff\u00e4rsm\u00e4sigt medveten corporate storytelling i Sverige. Vill du\/ni vara med?<\/p>\n","protected":false},"author":2,"featured_media":0,"comment_status":"closed","ping_status":"closed","sticky":false,"template":"","format":"standard","meta":[],"categories":[2],"tags":[],"_links":{"self":[{"href":"https:\/\/storytellers.se\/index.php?rest_route=\/wp\/v2\/posts\/716"}],"collection":[{"href":"https:\/\/storytellers.se\/index.php?rest_route=\/wp\/v2\/posts"}],"about":[{"href":"https:\/\/storytellers.se\/index.php?rest_route=\/wp\/v2\/types\/post"}],"author":[{"embeddable":true,"href":"https:\/\/storytellers.se\/index.php?rest_route=\/wp\/v2\/users\/2"}],"replies":[{"embeddable":true,"href":"https:\/\/storytellers.se\/index.php?rest_route=%2Fwp%2Fv2%2Fcomments&post=716"}],"version-history":[{"count":0,"href":"https:\/\/storytellers.se\/index.php?rest_route=\/wp\/v2\/posts\/716\/revisions"}],"wp:attachment":[{"href":"https:\/\/storytellers.se\/index.php?rest_route=%2Fwp%2Fv2%2Fmedia&parent=716"}],"wp:term":[{"taxonomy":"category","embeddable":true,"href":"https:\/\/storytellers.se\/index.php?rest_route=%2Fwp%2Fv2%2Fcategories&post=716"},{"taxonomy":"post_tag","embeddable":true,"href":"https:\/\/storytellers.se\/index.php?rest_route=%2Fwp%2Fv2%2Ftags&post=716"}],"curies":[{"name":"wp","href":"https:\/\/api.w.org\/{rel}","templated":true}]}}