{"id":714,"date":"2005-04-11T13:37:25","date_gmt":"2005-04-11T12:37:25","guid":{"rendered":"http:\/\/heijbel.wordpress.com\/2005\/04\/11\/skriv-kommunikativt-2"},"modified":"2005-04-11T13:37:25","modified_gmt":"2005-04-11T12:37:25","slug":"skriv-kommunikativt-2","status":"publish","type":"post","link":"https:\/\/storytellers.se\/?p=714","title":{"rendered":"Skriv kommunikativt"},"content":{"rendered":"<p>28 april b\u00f6rjar v\u00e5rens skrivarkurs i de m\u00e5ng\u00e5riga samarbetet mellan Matts Heijbel och Marknadsf\u00f6reningen i Stockholm. Den heter Skriv kommunikativt och p\u00e5g\u00e5r fem torsdagseftermiddagar. Kursen, som \u00e4r praktisk, visar hur den journalistiska metoden kan anv\u00e4ndas i PR- och marknadsf\u00f6ringssammanhang. \u00c4ven storytelling kommer upp. L\u00e4s mer p\u00e5 www.mis.se<\/p>\n","protected":false},"excerpt":{"rendered":"<p>28 april b\u00f6rjar v\u00e5rens skrivarkurs i de m\u00e5ng\u00e5riga samarbetet mellan Matts Heijbel och Marknadsf\u00f6reningen i Stockholm. Den heter Skriv kommunikativt och p\u00e5g\u00e5r fem torsdagseftermiddagar. Kursen, som \u00e4r praktisk, visar hur den journalistiska metoden kan anv\u00e4ndas i PR- och marknadsf\u00f6ringssammanhang. \u00c4ven storytelling kommer upp. L\u00e4s mer p\u00e5 www.mis.se<\/p>\n","protected":false},"author":2,"featured_media":0,"comment_status":"closed","ping_status":"closed","sticky":false,"template":"","format":"standard","meta":[],"categories":[9],"tags":[],"_links":{"self":[{"href":"https:\/\/storytellers.se\/index.php?rest_route=\/wp\/v2\/posts\/714"}],"collection":[{"href":"https:\/\/storytellers.se\/index.php?rest_route=\/wp\/v2\/posts"}],"about":[{"href":"https:\/\/storytellers.se\/index.php?rest_route=\/wp\/v2\/types\/post"}],"author":[{"embeddable":true,"href":"https:\/\/storytellers.se\/index.php?rest_route=\/wp\/v2\/users\/2"}],"replies":[{"embeddable":true,"href":"https:\/\/storytellers.se\/index.php?rest_route=%2Fwp%2Fv2%2Fcomments&post=714"}],"version-history":[{"count":0,"href":"https:\/\/storytellers.se\/index.php?rest_route=\/wp\/v2\/posts\/714\/revisions"}],"wp:attachment":[{"href":"https:\/\/storytellers.se\/index.php?rest_route=%2Fwp%2Fv2%2Fmedia&parent=714"}],"wp:term":[{"taxonomy":"category","embeddable":true,"href":"https:\/\/storytellers.se\/index.php?rest_route=%2Fwp%2Fv2%2Fcategories&post=714"},{"taxonomy":"post_tag","embeddable":true,"href":"https:\/\/storytellers.se\/index.php?rest_route=%2Fwp%2Fv2%2Ftags&post=714"}],"curies":[{"name":"wp","href":"https:\/\/api.w.org\/{rel}","templated":true}]}}