{"id":712,"date":"2005-04-07T13:08:14","date_gmt":"2005-04-07T12:08:14","guid":{"rendered":"http:\/\/heijbel.wordpress.com\/2005\/04\/07\/hos-hr-studenter"},"modified":"2005-04-07T13:08:14","modified_gmt":"2005-04-07T12:08:14","slug":"hos-hr-studenter","status":"publish","type":"post","link":"https:\/\/storytellers.se\/?p=712","title":{"rendered":"Hos HR-studenter"},"content":{"rendered":"<p>Den 7 april f\u00f6rel\u00e4ser Matts Heijbel inf\u00f6r HR-studenterna p\u00e5 PAO vid Stockholms universitet. Han kommer att visa att just HR-folk, allts\u00e5 personalvetarna, har en mycket god m\u00f6jlighet att anv\u00e4nda sig av verktyget corporate storytelling.<\/p>\n","protected":false},"excerpt":{"rendered":"<p>Den 7 april f\u00f6rel\u00e4ser Matts Heijbel inf\u00f6r HR-studenterna p\u00e5 PAO vid Stockholms universitet. Han kommer att visa att just HR-folk, allts\u00e5 personalvetarna, har en mycket god m\u00f6jlighet att anv\u00e4nda sig av verktyget corporate storytelling.<\/p>\n","protected":false},"author":2,"featured_media":0,"comment_status":"closed","ping_status":"closed","sticky":false,"template":"","format":"standard","meta":[],"categories":[9],"tags":[],"_links":{"self":[{"href":"https:\/\/storytellers.se\/index.php?rest_route=\/wp\/v2\/posts\/712"}],"collection":[{"href":"https:\/\/storytellers.se\/index.php?rest_route=\/wp\/v2\/posts"}],"about":[{"href":"https:\/\/storytellers.se\/index.php?rest_route=\/wp\/v2\/types\/post"}],"author":[{"embeddable":true,"href":"https:\/\/storytellers.se\/index.php?rest_route=\/wp\/v2\/users\/2"}],"replies":[{"embeddable":true,"href":"https:\/\/storytellers.se\/index.php?rest_route=%2Fwp%2Fv2%2Fcomments&post=712"}],"version-history":[{"count":0,"href":"https:\/\/storytellers.se\/index.php?rest_route=\/wp\/v2\/posts\/712\/revisions"}],"wp:attachment":[{"href":"https:\/\/storytellers.se\/index.php?rest_route=%2Fwp%2Fv2%2Fmedia&parent=712"}],"wp:term":[{"taxonomy":"category","embeddable":true,"href":"https:\/\/storytellers.se\/index.php?rest_route=%2Fwp%2Fv2%2Fcategories&post=712"},{"taxonomy":"post_tag","embeddable":true,"href":"https:\/\/storytellers.se\/index.php?rest_route=%2Fwp%2Fv2%2Ftags&post=712"}],"curies":[{"name":"wp","href":"https:\/\/api.w.org\/{rel}","templated":true}]}}