{"id":704,"date":"2005-04-04T09:30:10","date_gmt":"2005-04-04T08:30:10","guid":{"rendered":"http:\/\/heijbel.wordpress.com\/2005\/04\/04\/nyhetsbrev-8-uppsatser-taxi-mm"},"modified":"2005-04-04T09:30:10","modified_gmt":"2005-04-04T08:30:10","slug":"nyhetsbrev-8-uppsatser-taxi-mm","status":"publish","type":"post","link":"https:\/\/storytellers.se\/?p=704","title":{"rendered":"Nyhetsbrev 8: Uppsatser, taxi mm"},"content":{"rendered":"<p>Om Denning i Stockholm, tv\u00e5 nya uppsatser p\u00e5 webbplatsen, en storytellerkurs och ett kommande visionsseminarium. Och s\u00e5 lite om taxiber\u00e4ttelser.<\/p>\n<p><!--more--><br \/>\nS\u00e5 var det Mr Corporate Storyteller of the world i Stockholm. Ett 80-tal personer lyssnade n\u00e4r han talade. Sj\u00e4lv medverkade jag ocks\u00e5. Jag ber\u00e4ttade om vad som h\u00e4nder p\u00e5 den svenska scenen.<br \/>\nVisst var han sp\u00e4nnande Denning. Jag fick \u00e4nd\u00e5 k\u00e4nslan att det vi h\u00e5ller p\u00e5 med h\u00e4r i Sverige ute p\u00e5 f\u00f6retagen ligger nog s\u00e5 bra till n\u00e4r det g\u00e4ller att befolka varum\u00e4rkena med f\u00f6retagens och organisationernas egna ber\u00e4ttelser och att l\u00e5ta ber\u00e4ttelserna st\u00f6tta aff\u00e4rerna.<br \/>\n&#8230;&#8230;&#8230;&#8230;&#8230;&#8230;..<br \/>\nTv\u00e5 nya magisteruppsatser ligger nu p\u00e5 ute p\u00e5 webbplatsen http:\/\/www.storytellers.se du kan klicka direkt p\u00e5 dem i rutan i \u00f6vre h\u00f6gra h\u00f6rnet p\u00e5 webbplatsens \u00f6ppningssida. B\u00e5da \u00e4r fr\u00e5n Handels i G\u00f6teborg.<br \/>\n&#8230;&#8230;&#8230;&#8230;&#8230;&#8230;..<br \/>\nJag f\u00e5r ofta fr\u00e5gor om kurser och seminarier inom omr\u00e5det storytelling. Jag kan ber\u00e4tta att redan i morgon, den 5 april, b\u00f6rjar kursen Storytelling i praktiken p\u00e5 Marknadsf\u00f6reningen i Stockholm under ledning av Matts Heijbel.<br \/>\nJag h\u00f6rde just att det finns platser kvar s\u00e5 det g\u00e5r att hoppa p\u00e5. Kursen \u00e4r praktisk och den som g\u00e5r fem tisdagseftermiddagar f\u00e5r diplom och egna stories med sig hem efter att ha fullgjort kursen. Se mer p\u00e5 http:\/\/www.mis.se<br \/>\n&#8230;&#8230;&#8230;&#8230;&#8230;&#8230;..<br \/>\nDen 29 april har jag ett frukostseminarium tillsammans med den pedagogiske forskaren Otto Granberg. Det h\u00e5ller vi tillsammans med Pa-forum. Tanken \u00e4r att visa hur man kan anv\u00e4nda storytellingtekniken i arbetet med m\u00e5l- och visionsarbete. Se mer p\u00e5 ww.paforum.se<br \/>\n&#8230;&#8230;&#8230;&#8230;&#8230;&#8230;..<br \/>\nTill sist lite taxi. Jag har just genomf\u00f6rt ett corporate storytellingprojekt tillsammans med Svenska Taxif\u00f6rbundet. Taxir\u00f6relsen \u00e4r ju fylld av socialt kompetenta m\u00e4nniskor och det formligen bubblar av ber\u00e4ttelser.<br \/>\nDen h\u00e4r g\u00e5ngen g\u00e4llde det att hitta ber\u00e4ttelser som visar nyttan med taxi och kundernas f\u00f6rv\u00e4ntningar kring taxi.<br \/>\nDen h\u00e4r lite udda ber\u00e4ttelsen kan visa en taxivardag. Det finns n\u00e5gra ytterligare under rubriken taxiber\u00e4ttelser p\u00e5 http:\/\/www.storytellers.se<br \/>\n&#8221;Det var en sommardag utanf\u00f6r Stockholm Central. Inte s\u00e5 mycket att g\u00f6ra. Gott om tid att t\u00e4nka medan bilarna stod i taxik\u00f6n.<br \/>\nEn bit bort stod en \u00e4ldre man med breda h\u00e4ngslen lutad med ett r\u00e4cke. Han var lite halvfull och s\u00e5g r\u00e4tt f\u00f6rvirrad ut. Att han hade bekymmer var uppenbart.<br \/>\nEn taxichauff\u00f6r som inte hade annat att g\u00f6ra l\u00e4mnade sin bil i k\u00f6n och gick fram till mannen f\u00f6r att h\u00f6ra hur det stod till.<br \/>\nDet visade sig att han var fr\u00e5n V\u00e4rmland och att han hade blivit r\u00e5nad p\u00e5 Finlandsb\u00e5ten. Nu ville han bara hem men hade inga pengar. Allt var stulet.<br \/>\n\u2013 Har du ingen vi kan ringa som garanterar k\u00f6rningen, fr\u00e5gade chauff\u00f6ren.<br \/>\n\u2013 Jo jag har en sl\u00e4kting sa han. Vi kan ringa henne.<br \/>\nDe ringde sl\u00e4ktingen och mannen brast i gr\u00e5t n\u00e4r han beskrev sin situation f\u00f6r henne i telefon.<br \/>\nTaxichauff\u00f6ren fick ocks\u00e5 tala med sl\u00e4ktingen och: Jo d\u00e5 det fanns pengar. Om de bara tog bilen till V\u00e4rmland s\u00e5 skulle han f\u00e5 betalt och middag skulle han ocks\u00e5 f\u00e5 innan han v\u00e4nde tillbaks mot Stockholm.<br \/>\nS\u00e5 \u00e5kte de till Hagfors. Chauff\u00f6ren fick f\u00f6rst betalt sen bj\u00f6d sl\u00e4ktingen de b\u00e5da p\u00e5 fl\u00e4skkotlett och jordgubbar med gr\u00e4dde.&#8221;<br \/>\n&#8230;&#8230;&#8230;&#8230;&#8230;&#8230;..<br \/>\nJag som skriver detta nyhetsbrev heter Matts Heijbel.<br \/>\nJag arbetar med corporate storytelling och ansvarar f\u00f6r<br \/>\nwebbplatsen http:\/\/www.storytellers.se<br \/>\nDu som f\u00e5r brevet har anm\u00e4lt dig sj\u00e4lv eller s\u00e5 k\u00e4nner<br \/>\ndu mig. Du kan ocks\u00e5 ha varit p\u00e5 n\u00e5got av mina<br \/>\nseminarier eller g\u00e5tt n\u00e5gon av mina kurser.<br \/>\nVill du inte vara med s\u00e5 meddela mig p\u00e5<br \/>\ninfo@storytellers.se s\u00e5 tar jag bort dig.<\/p>\n","protected":false},"excerpt":{"rendered":"<p>Om Denning i Stockholm, tv\u00e5 nya uppsatser p\u00e5 webbplatsen, en storytellerkurs och ett kommande visionsseminarium. Och s\u00e5 lite om taxiber\u00e4ttelser.<\/p>\n","protected":false},"author":2,"featured_media":0,"comment_status":"open","ping_status":"closed","sticky":false,"template":"","format":"standard","meta":[],"categories":[8],"tags":[],"_links":{"self":[{"href":"https:\/\/storytellers.se\/index.php?rest_route=\/wp\/v2\/posts\/704"}],"collection":[{"href":"https:\/\/storytellers.se\/index.php?rest_route=\/wp\/v2\/posts"}],"about":[{"href":"https:\/\/storytellers.se\/index.php?rest_route=\/wp\/v2\/types\/post"}],"author":[{"embeddable":true,"href":"https:\/\/storytellers.se\/index.php?rest_route=\/wp\/v2\/users\/2"}],"replies":[{"embeddable":true,"href":"https:\/\/storytellers.se\/index.php?rest_route=%2Fwp%2Fv2%2Fcomments&post=704"}],"version-history":[{"count":0,"href":"https:\/\/storytellers.se\/index.php?rest_route=\/wp\/v2\/posts\/704\/revisions"}],"wp:attachment":[{"href":"https:\/\/storytellers.se\/index.php?rest_route=%2Fwp%2Fv2%2Fmedia&parent=704"}],"wp:term":[{"taxonomy":"category","embeddable":true,"href":"https:\/\/storytellers.se\/index.php?rest_route=%2Fwp%2Fv2%2Fcategories&post=704"},{"taxonomy":"post_tag","embeddable":true,"href":"https:\/\/storytellers.se\/index.php?rest_route=%2Fwp%2Fv2%2Ftags&post=704"}],"curies":[{"name":"wp","href":"https:\/\/api.w.org\/{rel}","templated":true}]}}