{"id":694,"date":"2005-03-09T13:20:58","date_gmt":"2005-03-09T12:20:58","guid":{"rendered":"http:\/\/heijbel.wordpress.com\/2005\/03\/09\/ny-storytellerkurs"},"modified":"2005-03-09T13:20:58","modified_gmt":"2005-03-09T12:20:58","slug":"ny-storytellerkurs","status":"publish","type":"post","link":"https:\/\/storytellers.se\/?p=694","title":{"rendered":"Ny storytellerkurs"},"content":{"rendered":"<p>Tisdagen den 5 april b\u00f6rjar v\u00e5rens kurs Storytelling i praktiken som Matts Heijbel h\u00e5ller p\u00e5 Marknadsf\u00f6reningen i Stockholm. Kursen som p\u00e5g\u00e5r fem tisdagseftermiddagar \u00e4r, som namnet s\u00e4ger, praktisk. Deltagarna f\u00e5r under Matts ledning sj\u00e4lva leta fram och redovisa ber\u00e4ttelser ur sina egna f\u00f6retag eller organisationer. Detta \u00e4r en av Marknadf\u00f6reningens popul\u00e4raste kurser med betyget 4,8 av 5 m\u00f6jligaa i kursv\u00e4rderingarna. L\u00e4s mer p\u00e5 www.mis.sea<\/p>\n","protected":false},"excerpt":{"rendered":"<p>Tisdagen den 5 april b\u00f6rjar v\u00e5rens kurs Storytelling i praktiken som Matts Heijbel h\u00e5ller p\u00e5 Marknadsf\u00f6reningen i Stockholm. Kursen som p\u00e5g\u00e5r fem tisdagseftermiddagar \u00e4r, som namnet s\u00e4ger, praktisk. Deltagarna f\u00e5r under Matts ledning sj\u00e4lva leta fram och redovisa ber\u00e4ttelser ur sina egna f\u00f6retag eller organisationer. Detta \u00e4r en av Marknadf\u00f6reningens popul\u00e4raste kurser med betyget 4,8&#8230;<\/p>\n","protected":false},"author":2,"featured_media":0,"comment_status":"closed","ping_status":"closed","sticky":false,"template":"","format":"standard","meta":[],"categories":[9],"tags":[],"_links":{"self":[{"href":"https:\/\/storytellers.se\/index.php?rest_route=\/wp\/v2\/posts\/694"}],"collection":[{"href":"https:\/\/storytellers.se\/index.php?rest_route=\/wp\/v2\/posts"}],"about":[{"href":"https:\/\/storytellers.se\/index.php?rest_route=\/wp\/v2\/types\/post"}],"author":[{"embeddable":true,"href":"https:\/\/storytellers.se\/index.php?rest_route=\/wp\/v2\/users\/2"}],"replies":[{"embeddable":true,"href":"https:\/\/storytellers.se\/index.php?rest_route=%2Fwp%2Fv2%2Fcomments&post=694"}],"version-history":[{"count":0,"href":"https:\/\/storytellers.se\/index.php?rest_route=\/wp\/v2\/posts\/694\/revisions"}],"wp:attachment":[{"href":"https:\/\/storytellers.se\/index.php?rest_route=%2Fwp%2Fv2%2Fmedia&parent=694"}],"wp:term":[{"taxonomy":"category","embeddable":true,"href":"https:\/\/storytellers.se\/index.php?rest_route=%2Fwp%2Fv2%2Fcategories&post=694"},{"taxonomy":"post_tag","embeddable":true,"href":"https:\/\/storytellers.se\/index.php?rest_route=%2Fwp%2Fv2%2Ftags&post=694"}],"curies":[{"name":"wp","href":"https:\/\/api.w.org\/{rel}","templated":true}]}}