{"id":692,"date":"2005-03-01T09:28:31","date_gmt":"2005-03-01T08:28:31","guid":{"rendered":"http:\/\/heijbel.wordpress.com\/2005\/03\/01\/nyhetsbrev-7-denning-till-sthlm"},"modified":"2005-03-01T09:28:31","modified_gmt":"2005-03-01T08:28:31","slug":"nyhetsbrev-7-denning-till-sthlm","status":"publish","type":"post","link":"https:\/\/storytellers.se\/?p=692","title":{"rendered":"Nyhetsbrev 7: Denning till Sthlm"},"content":{"rendered":"<p>Nu kommer Steve Denning till Stockholm. Han \u00e4r den mest k\u00e4nde i v\u00e4rlden p\u00e5 omr\u00e5det corporate storytelling. Boka eftermiddagen den 17 mars och bege dig till Stallgatan 7, alldeles n\u00e4ra Nybroplan s\u00e5 f\u00e5r du h\u00f6ra honom. \u00c4ven Matts Heijbel, Mikael M\u00f6ller och danske Svend-Erik Engh deltar. Priset \u00e4r 500 sek + moms, kontant i biljettkassan p\u00e5 Fabulafestivalen.<\/p>\n<p><!--more--><br \/>\nSteve Denning talar och argumenterar mycket om hur ber\u00e4ttelser kan f\u00f6r\u00e4ndra och utveckla organisationer. Han reser v\u00e4rlden runt och f\u00f6rel\u00e4ser f\u00f6r n\u00e4ringsliv och h\u00f6gskolor om sin metod. Han har f\u00f6r \u00f6vrigt ett f\u00f6rflutet i ledningen av V\u00e4rldsbanken.<br \/>\nNu kan du allts\u00e5 sj\u00e4lv lyssna p\u00e5 honom och se vad du kan ta till dig f\u00f6r din egen del och f\u00f6r din organisations utveckling. Mer information om detta och l\u00e4nken till Dennings webbplats finns l\u00e4ngst ned i detta nyhetsbrev.<br \/>\nDenning \u00e4r f\u00f6rst\u00e5s j\u00e4ttestor, men det \u00e4r numera helt klart att det p\u00e5g\u00e5r mycket h\u00e4r hemma p\u00e5 den svenska arenan ocks\u00e5. Anpassat efter v\u00e5ra f\u00f6retagskulturer. Du f\u00e5r exempelvis h\u00f6ra mig, Matts Heijbel, ber\u00e4tta helt kort bland annat om mitt arbete p\u00e5 SAS.<br \/>\nSAS hade en luftbro till Thailand efter flodv\u00e5gskatastrofen och jag samlar nu, p\u00e5 uppdrag av PR-byr\u00e5n Springtime ( nyligen utsedd til landets fr\u00e4msta ) och SAS, ber\u00e4ttelser fr\u00e5n dem som var med.<br \/>\nDet handlar om de inblandade SAS-medarbetarnas nya kunskap, deras insikter och deras eftertankar. Ber\u00e4ttelserna visar vad de anser att ett flygbolag kan l\u00e4ra sig av en s\u00e5 extrordin\u00e4r situation som denna.<br \/>\n&#8230;&#8230;&#8230;&#8230;&#8230;&#8230;&#8230;&#8230;.<br \/>\nN\u00e4r jag sk\u00f6rdar ber\u00e4ttelser i f\u00f6retag och organisationer st\u00f6ter jag ofta p\u00e5 fr\u00e5gan om vad som \u00e4r sant och vad som inte \u00e4r sant. Och vem som ska avg\u00f6ra detta. Det \u00e4r diskussioner som alla som h\u00e5ller p\u00e5 med f\u00f6retagsber\u00e4ttelser m\u00e5ste ta tag i. Makten \u00f6ver ber\u00e4ttelsen och dess inneh\u00e5ll.<br \/>\nJag f\u00f6r min del \u00e4r r\u00e4tt best\u00e4md p\u00e5 att ber\u00e4ttelserna m\u00e5ste ha b\u00e4righet i verkligheten. Inte i varje detalj och inte f\u00f6r mycket fakta. Men rent p\u00e5hittade ber\u00e4ttelser som bara f\u00f6rs\u00f6ker bygga in ber\u00e4ttarens \u00f6nskan i varum\u00e4rket riskerar l\u00e4tt att sl\u00e5 tillbaks. Ber\u00e4ttelserna ska kunna g\u00f6ra nytta f\u00f6r verksamheten.<br \/>\nDet hindrar f\u00f6rst\u00e5s inte att man anonymiserar eller att man ber\u00e4ttar visionsber\u00e4ttelser som \u00e4r upplagda s\u00e5 att de ber\u00e4ttar vad man skulle vilja kunna beskriva som en verklighet om 5 \u00e5r. Men d\u00e5 ska syftet vara tydligt.<br \/>\nLitegrand s\u00e5 fungerar Dennings springboard-tankar.<br \/>\nJag ska \u00e5terkomma om detta n\u00e4rmare i ett kommande nyhetsbrev.<br \/>\n&#8230;&#8230;&#8230;&#8230;&#8230;&#8230;&#8230;&#8230;.<br \/>\nJag har just f\u00e5tt in den senaste akademiska uppsatsen om corporate storytelling. Den \u00e4r skriven av n\u00e5gra studenter p\u00e5 Handelsh\u00f6gskolan i G\u00f6teborg och jag \u00e4r en av deras k\u00e4llor eftersom jag dagligen arbetar med detta. Nu ska jag f\u00f6rst l\u00e4sa den. Sen ska jag, enligt deras \u00f6nskan, publicera den p\u00e5 storytellers.se.<br \/>\nJag har flera uppsatser och artiklar publicerade p\u00e5 sajten f\u00f6r att den som s\u00f6ker kunskap ska ha s\u00e5 mycket som m\u00f6jligt att relatera till. Varje m\u00e5nad har jag \u00f6ver 1000 bes\u00f6k p\u00e5 storytellers.se<br \/>\nDennings webbplats \u00e4r <a href=\"http:\/\/www.stevedenning.com\">http:\/\/www.stevedenning.com<\/a><br \/>\nMer information om seminariet Storytelling i n\u00e4ringslivet finns p\u00e5 <a href=\"http:\/\/www.fabulafestival.se\">http:\/\/www.fabulafestival.se<\/a><br \/>\n&#8230;&#8230;&#8230;&#8230;&#8230;&#8230;&#8230;&#8230;.<br \/>\nJag som skriver detta nyhetsbrev heter Matts Heijbel. Jag arbetar med corporate storytelling och ansvarar f\u00f6r webbplatsen http:\/\/www.storytellers.se<br \/>\nDu som f\u00e5r brevet har i anm\u00e4lt dig sj\u00e4lv &#8211; eller s\u00e5 k\u00e4nner du mig. Du kan ocks\u00e5 ha varit p\u00e5 n\u00e5got av mina seminarier eller g\u00e5tt n\u00e5gon av mina kurser.<\/p>\n","protected":false},"excerpt":{"rendered":"<p>Nu kommer Steve Denning till Stockholm. Han \u00e4r den mest k\u00e4nde i v\u00e4rlden p\u00e5 omr\u00e5det corporate storytelling. Boka eftermiddagen den 17 mars och bege dig till Stallgatan 7, alldeles n\u00e4ra Nybroplan s\u00e5 f\u00e5r du h\u00f6ra honom. \u00c4ven Matts Heijbel, Mikael M\u00f6ller och danske Svend-Erik Engh deltar. Priset \u00e4r 500 sek + moms, kontant i biljettkassan&#8230;<\/p>\n","protected":false},"author":2,"featured_media":0,"comment_status":"open","ping_status":"closed","sticky":false,"template":"","format":"standard","meta":[],"categories":[8],"tags":[],"_links":{"self":[{"href":"https:\/\/storytellers.se\/index.php?rest_route=\/wp\/v2\/posts\/692"}],"collection":[{"href":"https:\/\/storytellers.se\/index.php?rest_route=\/wp\/v2\/posts"}],"about":[{"href":"https:\/\/storytellers.se\/index.php?rest_route=\/wp\/v2\/types\/post"}],"author":[{"embeddable":true,"href":"https:\/\/storytellers.se\/index.php?rest_route=\/wp\/v2\/users\/2"}],"replies":[{"embeddable":true,"href":"https:\/\/storytellers.se\/index.php?rest_route=%2Fwp%2Fv2%2Fcomments&post=692"}],"version-history":[{"count":0,"href":"https:\/\/storytellers.se\/index.php?rest_route=\/wp\/v2\/posts\/692\/revisions"}],"wp:attachment":[{"href":"https:\/\/storytellers.se\/index.php?rest_route=%2Fwp%2Fv2%2Fmedia&parent=692"}],"wp:term":[{"taxonomy":"category","embeddable":true,"href":"https:\/\/storytellers.se\/index.php?rest_route=%2Fwp%2Fv2%2Fcategories&post=692"},{"taxonomy":"post_tag","embeddable":true,"href":"https:\/\/storytellers.se\/index.php?rest_route=%2Fwp%2Fv2%2Ftags&post=692"}],"curies":[{"name":"wp","href":"https:\/\/api.w.org\/{rel}","templated":true}]}}