{"id":688,"date":"2005-02-25T13:22:09","date_gmt":"2005-02-25T12:22:09","guid":{"rendered":"http:\/\/heijbel.wordpress.com\/2005\/02\/25\/denning-och-heijbel"},"modified":"2005-02-25T13:22:09","modified_gmt":"2005-02-25T12:22:09","slug":"denning-och-heijbel","status":"publish","type":"post","link":"https:\/\/storytellers.se\/?p=688","title":{"rendered":"Denning och Heijbel"},"content":{"rendered":"<p>Steve Denning och Matts Heijbel tillh\u00f6r f\u00f6rel\u00e4sarna vid Fabulafestivalens seminarium Storytelling i n\u00e4ringslivet den 17 mars 13.00-17-30. Plats Stallet, Stallgatan 7 i Stockholm. Se www.fabulafestival.se<\/p>\n","protected":false},"excerpt":{"rendered":"<p>Steve Denning och Matts Heijbel tillh\u00f6r f\u00f6rel\u00e4sarna vid Fabulafestivalens seminarium Storytelling i n\u00e4ringslivet den 17 mars 13.00-17-30. Plats Stallet, Stallgatan 7 i Stockholm. Se www.fabulafestival.se<\/p>\n","protected":false},"author":2,"featured_media":0,"comment_status":"closed","ping_status":"closed","sticky":false,"template":"","format":"standard","meta":[],"categories":[9],"tags":[],"_links":{"self":[{"href":"https:\/\/storytellers.se\/index.php?rest_route=\/wp\/v2\/posts\/688"}],"collection":[{"href":"https:\/\/storytellers.se\/index.php?rest_route=\/wp\/v2\/posts"}],"about":[{"href":"https:\/\/storytellers.se\/index.php?rest_route=\/wp\/v2\/types\/post"}],"author":[{"embeddable":true,"href":"https:\/\/storytellers.se\/index.php?rest_route=\/wp\/v2\/users\/2"}],"replies":[{"embeddable":true,"href":"https:\/\/storytellers.se\/index.php?rest_route=%2Fwp%2Fv2%2Fcomments&post=688"}],"version-history":[{"count":0,"href":"https:\/\/storytellers.se\/index.php?rest_route=\/wp\/v2\/posts\/688\/revisions"}],"wp:attachment":[{"href":"https:\/\/storytellers.se\/index.php?rest_route=%2Fwp%2Fv2%2Fmedia&parent=688"}],"wp:term":[{"taxonomy":"category","embeddable":true,"href":"https:\/\/storytellers.se\/index.php?rest_route=%2Fwp%2Fv2%2Fcategories&post=688"},{"taxonomy":"post_tag","embeddable":true,"href":"https:\/\/storytellers.se\/index.php?rest_route=%2Fwp%2Fv2%2Ftags&post=688"}],"curies":[{"name":"wp","href":"https:\/\/api.w.org\/{rel}","templated":true}]}}