{"id":686,"date":"2005-02-22T13:25:31","date_gmt":"2005-02-22T12:25:31","guid":{"rendered":"http:\/\/heijbel.wordpress.com\/2005\/02\/22\/besoker-hr-natverk"},"modified":"2005-02-22T13:25:31","modified_gmt":"2005-02-22T12:25:31","slug":"besoker-hr-natverk","status":"publish","type":"post","link":"https:\/\/storytellers.se\/?p=686","title":{"rendered":"Bes\u00f6ker HR-n\u00e4tverk"},"content":{"rendered":"<p>Den 22 februari bes\u00f6ker Matts Heijbel PA forumi Stockholm f\u00f6r att tr\u00e4ffa ett n\u00e4tverk best\u00e5ende av HR-proffs. \u00c4mnet \u00e4r Corporate Storytelling. Det kommer att handla om hur organisationens egna ber\u00e4ttelser kan anv\u00e4ndas f\u00f6r att visa v\u00e4rderingar och hur denna teknik \u00e4r anv\u00e4ndbar ocks\u00e5 i rekryteringsarbetet.<\/p>\n","protected":false},"excerpt":{"rendered":"<p>Den 22 februari bes\u00f6ker Matts Heijbel PA forumi Stockholm f\u00f6r att tr\u00e4ffa ett n\u00e4tverk best\u00e5ende av HR-proffs. \u00c4mnet \u00e4r Corporate Storytelling. Det kommer att handla om hur organisationens egna ber\u00e4ttelser kan anv\u00e4ndas f\u00f6r att visa v\u00e4rderingar och hur denna teknik \u00e4r anv\u00e4ndbar ocks\u00e5 i rekryteringsarbetet.<\/p>\n","protected":false},"author":2,"featured_media":0,"comment_status":"closed","ping_status":"closed","sticky":false,"template":"","format":"standard","meta":[],"categories":[9],"tags":[],"_links":{"self":[{"href":"https:\/\/storytellers.se\/index.php?rest_route=\/wp\/v2\/posts\/686"}],"collection":[{"href":"https:\/\/storytellers.se\/index.php?rest_route=\/wp\/v2\/posts"}],"about":[{"href":"https:\/\/storytellers.se\/index.php?rest_route=\/wp\/v2\/types\/post"}],"author":[{"embeddable":true,"href":"https:\/\/storytellers.se\/index.php?rest_route=\/wp\/v2\/users\/2"}],"replies":[{"embeddable":true,"href":"https:\/\/storytellers.se\/index.php?rest_route=%2Fwp%2Fv2%2Fcomments&post=686"}],"version-history":[{"count":0,"href":"https:\/\/storytellers.se\/index.php?rest_route=\/wp\/v2\/posts\/686\/revisions"}],"wp:attachment":[{"href":"https:\/\/storytellers.se\/index.php?rest_route=%2Fwp%2Fv2%2Fmedia&parent=686"}],"wp:term":[{"taxonomy":"category","embeddable":true,"href":"https:\/\/storytellers.se\/index.php?rest_route=%2Fwp%2Fv2%2Fcategories&post=686"},{"taxonomy":"post_tag","embeddable":true,"href":"https:\/\/storytellers.se\/index.php?rest_route=%2Fwp%2Fv2%2Ftags&post=686"}],"curies":[{"name":"wp","href":"https:\/\/api.w.org\/{rel}","templated":true}]}}