{"id":676,"date":"2004-12-09T13:29:16","date_gmt":"2004-12-09T12:29:16","guid":{"rendered":"http:\/\/heijbel.wordpress.com\/2004\/12\/09\/storytellingblogg"},"modified":"2004-12-09T13:29:16","modified_gmt":"2004-12-09T12:29:16","slug":"storytellingblogg","status":"publish","type":"post","link":"https:\/\/storytellers.se\/?p=676","title":{"rendered":"Storytellingblogg"},"content":{"rendered":"<p>H\u00e4r, p\u00e5 den h\u00e4r webbadressen, kommer snart en blogg f\u00f6r corporate storytelling i Sverige. Det \u00e4r v\u00e4ldigt mycket diskussion om definitioner och om vad som \u00e4r vad f\u00f6r n\u00e4rvarande nu n\u00e4r corporate storytelling blivit s\u00e5 popul\u00e4rt.<br \/>\nJag, Matts Heijbel, har minst en g\u00e5ng i veckan forskare och studenter fr\u00e5n olika h\u00f6gskolor p\u00e5 bes\u00f6k. De s\u00f6ker svar kring corporate storytelling. Det \u00e4r utvecklande b\u00e5de f\u00f6r mig och dem. Jag hoppas att en storytellingblogg, det vill s\u00e4ga en n\u00e4tplats f\u00f6r en \u00f6ppen dialog kring de h\u00e4r fr\u00e5gorna, ska bli en sp\u00e4nnande plats f\u00f6r alla intresserade.<\/p>\n","protected":false},"excerpt":{"rendered":"<p>H\u00e4r, p\u00e5 den h\u00e4r webbadressen, kommer snart en blogg f\u00f6r corporate storytelling i Sverige. Det \u00e4r v\u00e4ldigt mycket diskussion om definitioner och om vad som \u00e4r vad f\u00f6r n\u00e4rvarande nu n\u00e4r corporate storytelling blivit s\u00e5 popul\u00e4rt. Jag, Matts Heijbel, har minst en g\u00e5ng i veckan forskare och studenter fr\u00e5n olika h\u00f6gskolor p\u00e5 bes\u00f6k. De s\u00f6ker&#8230;<\/p>\n","protected":false},"author":2,"featured_media":0,"comment_status":"closed","ping_status":"closed","sticky":false,"template":"","format":"standard","meta":[],"categories":[9],"tags":[],"_links":{"self":[{"href":"https:\/\/storytellers.se\/index.php?rest_route=\/wp\/v2\/posts\/676"}],"collection":[{"href":"https:\/\/storytellers.se\/index.php?rest_route=\/wp\/v2\/posts"}],"about":[{"href":"https:\/\/storytellers.se\/index.php?rest_route=\/wp\/v2\/types\/post"}],"author":[{"embeddable":true,"href":"https:\/\/storytellers.se\/index.php?rest_route=\/wp\/v2\/users\/2"}],"replies":[{"embeddable":true,"href":"https:\/\/storytellers.se\/index.php?rest_route=%2Fwp%2Fv2%2Fcomments&post=676"}],"version-history":[{"count":0,"href":"https:\/\/storytellers.se\/index.php?rest_route=\/wp\/v2\/posts\/676\/revisions"}],"wp:attachment":[{"href":"https:\/\/storytellers.se\/index.php?rest_route=%2Fwp%2Fv2%2Fmedia&parent=676"}],"wp:term":[{"taxonomy":"category","embeddable":true,"href":"https:\/\/storytellers.se\/index.php?rest_route=%2Fwp%2Fv2%2Fcategories&post=676"},{"taxonomy":"post_tag","embeddable":true,"href":"https:\/\/storytellers.se\/index.php?rest_route=%2Fwp%2Fv2%2Ftags&post=676"}],"curies":[{"name":"wp","href":"https:\/\/api.w.org\/{rel}","templated":true}]}}