{"id":672,"date":"2004-12-07T13:30:06","date_gmt":"2004-12-07T12:30:06","guid":{"rendered":"http:\/\/heijbel.wordpress.com\/2004\/12\/07\/stories-pa-pa-forum"},"modified":"2004-12-07T13:30:06","modified_gmt":"2004-12-07T12:30:06","slug":"stories-pa-pa-forum","status":"publish","type":"post","link":"https:\/\/storytellers.se\/?p=672","title":{"rendered":"Stories p\u00e5 PA forum"},"content":{"rendered":"<p>Den 8 december talar Matts Heijbel om Corporate Storytelling p\u00e5 PA forum i Stockholm. Det \u00e4r i samband med att PA forum bjuder in HR-studenter fr\u00e5n Stockhoms universitet. Matts kommer speciellt att fokusera gr\u00e4nslanden mellan HR\/PR och vad storytelling kan bidra med d\u00e4r. Hur faktiskt en organisations personalpolitik kan anv\u00e4ndas n\u00e4r storytelling befolkar och synligg\u00f6r varum\u00e4rket.<\/p>\n","protected":false},"excerpt":{"rendered":"<p>Den 8 december talar Matts Heijbel om Corporate Storytelling p\u00e5 PA forum i Stockholm. Det \u00e4r i samband med att PA forum bjuder in HR-studenter fr\u00e5n Stockhoms universitet. Matts kommer speciellt att fokusera gr\u00e4nslanden mellan HR\/PR och vad storytelling kan bidra med d\u00e4r. Hur faktiskt en organisations personalpolitik kan anv\u00e4ndas n\u00e4r storytelling befolkar och synligg\u00f6r&#8230;<\/p>\n","protected":false},"author":2,"featured_media":0,"comment_status":"closed","ping_status":"closed","sticky":false,"template":"","format":"standard","meta":[],"categories":[9],"tags":[],"_links":{"self":[{"href":"https:\/\/storytellers.se\/index.php?rest_route=\/wp\/v2\/posts\/672"}],"collection":[{"href":"https:\/\/storytellers.se\/index.php?rest_route=\/wp\/v2\/posts"}],"about":[{"href":"https:\/\/storytellers.se\/index.php?rest_route=\/wp\/v2\/types\/post"}],"author":[{"embeddable":true,"href":"https:\/\/storytellers.se\/index.php?rest_route=\/wp\/v2\/users\/2"}],"replies":[{"embeddable":true,"href":"https:\/\/storytellers.se\/index.php?rest_route=%2Fwp%2Fv2%2Fcomments&post=672"}],"version-history":[{"count":0,"href":"https:\/\/storytellers.se\/index.php?rest_route=\/wp\/v2\/posts\/672\/revisions"}],"wp:attachment":[{"href":"https:\/\/storytellers.se\/index.php?rest_route=%2Fwp%2Fv2%2Fmedia&parent=672"}],"wp:term":[{"taxonomy":"category","embeddable":true,"href":"https:\/\/storytellers.se\/index.php?rest_route=%2Fwp%2Fv2%2Fcategories&post=672"},{"taxonomy":"post_tag","embeddable":true,"href":"https:\/\/storytellers.se\/index.php?rest_route=%2Fwp%2Fv2%2Ftags&post=672"}],"curies":[{"name":"wp","href":"https:\/\/api.w.org\/{rel}","templated":true}]}}