{"id":670,"date":"2004-09-01T13:38:29","date_gmt":"2004-09-01T12:38:29","guid":{"rendered":"http:\/\/heijbel.wordpress.com\/2004\/09\/01\/kroppefjall"},"modified":"2004-09-01T13:38:29","modified_gmt":"2004-09-01T12:38:29","slug":"kroppefjall","status":"publish","type":"post","link":"https:\/\/storytellers.se\/?p=670","title":{"rendered":"Kroppefj\u00e4ll"},"content":{"rendered":"<p>N\u00e4r det kommunala fastighetsbolaget Mellerudsbost\u00e4der beslutade att f\u00f6rs\u00f6ka f\u00e5 det gamla sanatoriet Kroppefj\u00e4ll i Dalsland sj\u00e4lvb\u00e4rande anst\u00e4llde man nya anl\u00e4ggningsansvariga. De ans\u00e5g att ett starkt verktyg i marknadsf\u00f6ringen skulle kunna vara ber\u00e4ttandet om platsen och dess historia. Om varf\u00f6r anl\u00e4ggningen ligger d\u00e4r den ligger. Att h\u00e4mta kraft i historien f\u00f6r att locka m\u00e4nniskor dit idag.<\/p>\n","protected":false},"excerpt":{"rendered":"<p>N\u00e4r det kommunala fastighetsbolaget Mellerudsbost\u00e4der beslutade att f\u00f6rs\u00f6ka f\u00e5 det gamla sanatoriet Kroppefj\u00e4ll i Dalsland sj\u00e4lvb\u00e4rande anst\u00e4llde man nya anl\u00e4ggningsansvariga. De ans\u00e5g att ett starkt verktyg i marknadsf\u00f6ringen skulle kunna vara ber\u00e4ttandet om platsen och dess historia. Om varf\u00f6r anl\u00e4ggningen ligger d\u00e4r den ligger. Att h\u00e4mta kraft i historien f\u00f6r att locka m\u00e4nniskor dit idag.<\/p>\n","protected":false},"author":2,"featured_media":0,"comment_status":"open","ping_status":"closed","sticky":false,"template":"","format":"standard","meta":[],"categories":[4],"tags":[],"_links":{"self":[{"href":"https:\/\/storytellers.se\/index.php?rest_route=\/wp\/v2\/posts\/670"}],"collection":[{"href":"https:\/\/storytellers.se\/index.php?rest_route=\/wp\/v2\/posts"}],"about":[{"href":"https:\/\/storytellers.se\/index.php?rest_route=\/wp\/v2\/types\/post"}],"author":[{"embeddable":true,"href":"https:\/\/storytellers.se\/index.php?rest_route=\/wp\/v2\/users\/2"}],"replies":[{"embeddable":true,"href":"https:\/\/storytellers.se\/index.php?rest_route=%2Fwp%2Fv2%2Fcomments&post=670"}],"version-history":[{"count":0,"href":"https:\/\/storytellers.se\/index.php?rest_route=\/wp\/v2\/posts\/670\/revisions"}],"wp:attachment":[{"href":"https:\/\/storytellers.se\/index.php?rest_route=%2Fwp%2Fv2%2Fmedia&parent=670"}],"wp:term":[{"taxonomy":"category","embeddable":true,"href":"https:\/\/storytellers.se\/index.php?rest_route=%2Fwp%2Fv2%2Fcategories&post=670"},{"taxonomy":"post_tag","embeddable":true,"href":"https:\/\/storytellers.se\/index.php?rest_route=%2Fwp%2Fv2%2Ftags&post=670"}],"curies":[{"name":"wp","href":"https:\/\/api.w.org\/{rel}","templated":true}]}}