{"id":666,"date":"2004-08-09T11:34:23","date_gmt":"2004-08-09T10:34:23","guid":{"rendered":"http:\/\/heijbel.wordpress.com\/2004\/08\/09\/vad-ar-storytellers-se"},"modified":"2004-08-09T11:34:23","modified_gmt":"2004-08-09T10:34:23","slug":"vad-ar-storytellers-se","status":"publish","type":"post","link":"https:\/\/storytellers.se\/?p=666","title":{"rendered":"Vad \u00e4r storytellers.se?"},"content":{"rendered":"<p>Denna sida uppdateras l\u00f6pande. Senast okt 2009.<br \/>\nStorytellers.se har ambitionen att vara den naturliga m\u00f6tesplatsen p\u00e5 n\u00e4tet f\u00f6r dem som intresserar sig f\u00f6r Corporate Storytelling i Sverige. Webbplatsen \u00f6ppnades \u00e5r 2003 med bland annat fr\u00e5gor och svar och har sen dess haft n\u00e4ra 145.000 bes\u00f6kare. Den bloggifierades och \u00f6ppnades f\u00f6r interaktivitet och dialog n\u00e4r den blev den f\u00f6rsta svenska storytellerbloggen i augusti 2005.<br \/>\nH\u00e4r finns diskussioner, artiklar fr\u00e5n media, akademiska uppsatser, reflektioner och synpunkter som \u00e4r av intresse f\u00f6r den som intresserar sig f\u00f6r just Corporate Storytelling. I okt 2009 fanns ca 940 texter p\u00e5 storytellers.se.<br \/>\nCorporate Storytelling identifierar, sk\u00f6rdar och f\u00f6rpackar f\u00f6retagens och organisationernas sanna ber\u00e4ttelser om sig sj\u00e4lva, sina kunder, sina varor och tj\u00e4nster. Detta f\u00f6r att kunna mobilisera och anv\u00e4nda dem i varum\u00e4rkesbyggandet, marknadsf\u00f6ringen och i det l\u00f6pande arbetet med v\u00e4rderingarna och den f\u00f6retagskulturella utvecklingen och identiteten. I dialogen i den s\u00e5 kallade sociala webben, web 2.0, \u00e4r ber\u00e4ttelserna ett mycket anv\u00e4ndbart verktyg f\u00f6r f\u00f6retag och organisationer.<br \/>\nBer\u00e4ttelserna st\u00f6ttar ocks\u00e5 rekryteringen och aff\u00e4rsverksamheten. De \u00e4r viktiga resurser vid sidan av siffror, tabeller och diagram. De \u00e4r en del av organisationens kulturkapital och kan sj\u00e4lvklart anv\u00e4ndas hela v\u00e4gen ut ocks\u00e5 i reklambudskapet.<br \/>\nAnsvarig f\u00f6r Storytellers.se \u00e4r Matts Heijbel, socialantropolog, f\u00f6rfattare och journalist som arbetat med just Corporate Storytelling sedan 1999. Han har arbetat med f\u00f6retagsber\u00e4ttelser bland annat tillsammans med Sca, SSAB, SAS Sverige, Svenska Taxif\u00f6rbundet, Stockholms Stad, Malm\u00f6 Stad och Arlanda Express.<br \/>\nDen h\u00e4r v\u00e4gen kan du komma i kontakt med m\u00e4nniskor som vet vad f\u00f6retag och organisationer beh\u00f6ver n\u00e4r det g\u00e4ller de h\u00e4r dimensionerna. Du kan ocks\u00e5 best\u00e4lla f\u00f6rel\u00e4sningar eller anm\u00e4la dig till n\u00e5gra av de kurser som finns p\u00e5 omr\u00e5det.<br \/>\nVill du och ditt f\u00f6retag eller din organisation dra ig\u00e5ng ett storytellerprojekt i en eller annan form s\u00e5 \u00e4r Matts Heijbel den s\u00e4rklassigt mest erfarna i landet p\u00e5 det h\u00e4r omr\u00e5det. Kontakta i s\u00e5 fall <a href=\"mailto:matts@storytellers.se\">matts@storytellers.se<\/a><\/p>\n","protected":false},"excerpt":{"rendered":"<p>Denna sida uppdateras l\u00f6pande. Senast okt 2009. Storytellers.se har ambitionen att vara den naturliga m\u00f6tesplatsen p\u00e5 n\u00e4tet f\u00f6r dem som intresserar sig f\u00f6r Corporate Storytelling i Sverige. Webbplatsen \u00f6ppnades \u00e5r 2003 med bland annat fr\u00e5gor och svar och har sen dess haft n\u00e4ra 145.000 bes\u00f6kare. Den bloggifierades och \u00f6ppnades f\u00f6r interaktivitet och dialog n\u00e4r den&#8230;<\/p>\n","protected":false},"author":2,"featured_media":0,"comment_status":"closed","ping_status":"closed","sticky":false,"template":"","format":"standard","meta":[],"categories":[6],"tags":[],"_links":{"self":[{"href":"https:\/\/storytellers.se\/index.php?rest_route=\/wp\/v2\/posts\/666"}],"collection":[{"href":"https:\/\/storytellers.se\/index.php?rest_route=\/wp\/v2\/posts"}],"about":[{"href":"https:\/\/storytellers.se\/index.php?rest_route=\/wp\/v2\/types\/post"}],"author":[{"embeddable":true,"href":"https:\/\/storytellers.se\/index.php?rest_route=\/wp\/v2\/users\/2"}],"replies":[{"embeddable":true,"href":"https:\/\/storytellers.se\/index.php?rest_route=%2Fwp%2Fv2%2Fcomments&post=666"}],"version-history":[{"count":0,"href":"https:\/\/storytellers.se\/index.php?rest_route=\/wp\/v2\/posts\/666\/revisions"}],"wp:attachment":[{"href":"https:\/\/storytellers.se\/index.php?rest_route=%2Fwp%2Fv2%2Fmedia&parent=666"}],"wp:term":[{"taxonomy":"category","embeddable":true,"href":"https:\/\/storytellers.se\/index.php?rest_route=%2Fwp%2Fv2%2Fcategories&post=666"},{"taxonomy":"post_tag","embeddable":true,"href":"https:\/\/storytellers.se\/index.php?rest_route=%2Fwp%2Fv2%2Ftags&post=666"}],"curies":[{"name":"wp","href":"https:\/\/api.w.org\/{rel}","templated":true}]}}