{"id":664,"date":"2004-07-02T13:22:49","date_gmt":"2004-07-02T12:22:49","guid":{"rendered":"http:\/\/heijbel.wordpress.com\/2004\/07\/02\/storytelling-i-praktiken"},"modified":"2004-07-02T13:22:49","modified_gmt":"2004-07-02T12:22:49","slug":"storytelling-i-praktiken","status":"publish","type":"post","link":"https:\/\/storytellers.se\/?p=664","title":{"rendered":"Storytelling i praktiken"},"content":{"rendered":"<p>Den 18 oktober b\u00f6rjar Storytelling i praktiken, en kurs som h\u00e5lls av Matts Heijbel p\u00e5 Marknadsf\u00f6reningen. Se mis.se.<\/p>\n","protected":false},"excerpt":{"rendered":"<p>Den 18 oktober b\u00f6rjar Storytelling i praktiken, en kurs som h\u00e5lls av Matts Heijbel p\u00e5 Marknadsf\u00f6reningen. Se mis.se.<\/p>\n","protected":false},"author":2,"featured_media":0,"comment_status":"closed","ping_status":"closed","sticky":false,"template":"","format":"standard","meta":[],"categories":[9],"tags":[],"_links":{"self":[{"href":"https:\/\/storytellers.se\/index.php?rest_route=\/wp\/v2\/posts\/664"}],"collection":[{"href":"https:\/\/storytellers.se\/index.php?rest_route=\/wp\/v2\/posts"}],"about":[{"href":"https:\/\/storytellers.se\/index.php?rest_route=\/wp\/v2\/types\/post"}],"author":[{"embeddable":true,"href":"https:\/\/storytellers.se\/index.php?rest_route=\/wp\/v2\/users\/2"}],"replies":[{"embeddable":true,"href":"https:\/\/storytellers.se\/index.php?rest_route=%2Fwp%2Fv2%2Fcomments&post=664"}],"version-history":[{"count":0,"href":"https:\/\/storytellers.se\/index.php?rest_route=\/wp\/v2\/posts\/664\/revisions"}],"wp:attachment":[{"href":"https:\/\/storytellers.se\/index.php?rest_route=%2Fwp%2Fv2%2Fmedia&parent=664"}],"wp:term":[{"taxonomy":"category","embeddable":true,"href":"https:\/\/storytellers.se\/index.php?rest_route=%2Fwp%2Fv2%2Fcategories&post=664"},{"taxonomy":"post_tag","embeddable":true,"href":"https:\/\/storytellers.se\/index.php?rest_route=%2Fwp%2Fv2%2Ftags&post=664"}],"curies":[{"name":"wp","href":"https:\/\/api.w.org\/{rel}","templated":true}]}}