{"id":662,"date":"2004-06-30T13:23:41","date_gmt":"2004-06-30T12:23:41","guid":{"rendered":"http:\/\/heijbel.wordpress.com\/2004\/06\/30\/strategisk-kommunikation-for-offentlig-sektor"},"modified":"2004-06-30T13:23:41","modified_gmt":"2004-06-30T12:23:41","slug":"strategisk-kommunikation-for-offentlig-sektor","status":"publish","type":"post","link":"https:\/\/storytellers.se\/?p=662","title":{"rendered":"Strategisk kommunikation f\u00f6r offentlig sektor"},"content":{"rendered":"<p>Matts Heijbel \u00e4r g\u00e4stf\u00f6rel\u00e4sare tillsammans med inormationsdirekt\u00f6rerna vid Karolinska Universitetssjukhuset och Vetenskapsr\u00e5det samt personaldirekt\u00f6ren vid Karolinska i kursen Strategisk kommunikation f\u00f6r offentlig sektor p\u00e5 Marknadsf\u00f6reningen i h\u00f6st. Kursen leds av Stina Hubendick och Bj\u00f6rn Bengtsson fr\u00e5n Sann &amp; Partners.<\/p>\n","protected":false},"excerpt":{"rendered":"<p>Matts Heijbel \u00e4r g\u00e4stf\u00f6rel\u00e4sare tillsammans med inormationsdirekt\u00f6rerna vid Karolinska Universitetssjukhuset och Vetenskapsr\u00e5det samt personaldirekt\u00f6ren vid Karolinska i kursen Strategisk kommunikation f\u00f6r offentlig sektor p\u00e5 Marknadsf\u00f6reningen i h\u00f6st. Kursen leds av Stina Hubendick och Bj\u00f6rn Bengtsson fr\u00e5n Sann &amp; Partners.<\/p>\n","protected":false},"author":2,"featured_media":0,"comment_status":"closed","ping_status":"closed","sticky":false,"template":"","format":"standard","meta":[],"categories":[9],"tags":[],"_links":{"self":[{"href":"https:\/\/storytellers.se\/index.php?rest_route=\/wp\/v2\/posts\/662"}],"collection":[{"href":"https:\/\/storytellers.se\/index.php?rest_route=\/wp\/v2\/posts"}],"about":[{"href":"https:\/\/storytellers.se\/index.php?rest_route=\/wp\/v2\/types\/post"}],"author":[{"embeddable":true,"href":"https:\/\/storytellers.se\/index.php?rest_route=\/wp\/v2\/users\/2"}],"replies":[{"embeddable":true,"href":"https:\/\/storytellers.se\/index.php?rest_route=%2Fwp%2Fv2%2Fcomments&post=662"}],"version-history":[{"count":0,"href":"https:\/\/storytellers.se\/index.php?rest_route=\/wp\/v2\/posts\/662\/revisions"}],"wp:attachment":[{"href":"https:\/\/storytellers.se\/index.php?rest_route=%2Fwp%2Fv2%2Fmedia&parent=662"}],"wp:term":[{"taxonomy":"category","embeddable":true,"href":"https:\/\/storytellers.se\/index.php?rest_route=%2Fwp%2Fv2%2Fcategories&post=662"},{"taxonomy":"post_tag","embeddable":true,"href":"https:\/\/storytellers.se\/index.php?rest_route=%2Fwp%2Fv2%2Ftags&post=662"}],"curies":[{"name":"wp","href":"https:\/\/api.w.org\/{rel}","templated":true}]}}