{"id":660,"date":"2004-06-29T13:27:48","date_gmt":"2004-06-29T12:27:48","guid":{"rendered":"http:\/\/heijbel.wordpress.com\/2004\/06\/29\/di-anvande-storytelling-om-kanal-5"},"modified":"2004-06-29T13:27:48","modified_gmt":"2004-06-29T12:27:48","slug":"di-anvande-storytelling-om-kanal-5","status":"publish","type":"post","link":"https:\/\/storytellers.se\/?p=660","title":{"rendered":"DI anv\u00e4nde storytelling om Kanal 5"},"content":{"rendered":"<p>N\u00e4r Dagens Industri i mitten av juni skrev ett helt uppslag i tidningen om Kanal 5 och v\u00e4gen till den makal\u00f6sa framg\u00e5ng som kanalen nu har anv\u00e4nde man i stor utstr\u00e4ckning storytellergreppet som kanalen tillsammans med mig, Matts Heijbel, arbetat fram det senaste \u00e5ret. \u00c4r man v\u00e4l f\u00f6rberedd p\u00e5 sin story s\u00e5 nappar journalisterna.<\/p>\n<p><!--more--><br \/>\nEn trotsig ton\u00e5ring som g\u00e5r hem hos annons\u00f6rerna var en av rubrikerna  p\u00e5 det brett upplagda reportaget om Kanal 5s framg\u00e5ngar. Det var s\u00e5 vi formulerade den femton\u00e5riga kanalens personlighet.<br \/>\nTandst\u00e4llningen \u00e4r p\u00e5 plats och sj\u00e4lvk\u00e4nslan stark. Hon str\u00e4cker nu p\u00e5 ryggen sen hon blivit b\u00e4st i klassen och vunnit flera g\u00e5nger \u00f6ver huvudkonkurrenten Stenbecks fina TV 3-pojke fr\u00e5n \u00d6stermalm.<br \/>\nKanal 5 har en t\u00e4mligen ok\u00e4nd pappa i USA som inte brytt sig s\u00e5 mycket om henne s\u00e5 l\u00e4nge hon funkar och hon har f\u00e5tt utst\u00e5 mycket mobbning h\u00e4r hemma innan hon kom fram till sin framg\u00e5ng bland annat med devisen: &#8221; De andra kanalerna f\u00e5r st\u00e5 f\u00f6r fluorsk\u00f6ljningen, vi bjuder p\u00e5 godiset.&#8221;<br \/>\nKanal 5 redigerade sj\u00e4lva starkt materialet i den bok som jag var med och tog fram och medarbetarna med en snitt\u00e5lder kring 30 har nu en samling anpassade ber\u00e4ttelser som visar varifr\u00e5n de kom, vart de nu befinner sig och vart de \u00e4r p\u00e5 v\u00e4g. Dessa ber\u00e4ttelser kan de sjunga n\u00e4r de dansar runt sin totemp\u00e5le.<br \/>\nN\u00e4r pressen kom, i det h\u00e4r fallet Dagens Industri, kunde Kanal 5 p\u00e5 ett hyfsat s\u00e4tt p\u00e5verka bilden av sig sj\u00e4lv.<br \/>\nJournalister \u00e4lskar en bra story. Och  Kanal 5 har en bra story som \u00e4r sann och \u00e4rligt ber\u00e4ttad. Med andra ord kan v\u00e4l f\u00f6rberedd storytelling p\u00e5verka massmedias bild av verksamheten n\u00e4r de v\u00e4l skriver om f\u00f6retaget eller organisationen.<\/p>\n","protected":false},"excerpt":{"rendered":"<p>N\u00e4r Dagens Industri i mitten av juni skrev ett helt uppslag i tidningen om Kanal 5 och v\u00e4gen till den makal\u00f6sa framg\u00e5ng som kanalen nu har anv\u00e4nde man i stor utstr\u00e4ckning storytellergreppet som kanalen tillsammans med mig, Matts Heijbel, arbetat fram det senaste \u00e5ret. \u00c4r man v\u00e4l f\u00f6rberedd p\u00e5 sin story s\u00e5 nappar journalisterna.<\/p>\n","protected":false},"author":2,"featured_media":0,"comment_status":"closed","ping_status":"closed","sticky":false,"template":"","format":"standard","meta":[],"categories":[2],"tags":[],"_links":{"self":[{"href":"https:\/\/storytellers.se\/index.php?rest_route=\/wp\/v2\/posts\/660"}],"collection":[{"href":"https:\/\/storytellers.se\/index.php?rest_route=\/wp\/v2\/posts"}],"about":[{"href":"https:\/\/storytellers.se\/index.php?rest_route=\/wp\/v2\/types\/post"}],"author":[{"embeddable":true,"href":"https:\/\/storytellers.se\/index.php?rest_route=\/wp\/v2\/users\/2"}],"replies":[{"embeddable":true,"href":"https:\/\/storytellers.se\/index.php?rest_route=%2Fwp%2Fv2%2Fcomments&post=660"}],"version-history":[{"count":0,"href":"https:\/\/storytellers.se\/index.php?rest_route=\/wp\/v2\/posts\/660\/revisions"}],"wp:attachment":[{"href":"https:\/\/storytellers.se\/index.php?rest_route=%2Fwp%2Fv2%2Fmedia&parent=660"}],"wp:term":[{"taxonomy":"category","embeddable":true,"href":"https:\/\/storytellers.se\/index.php?rest_route=%2Fwp%2Fv2%2Fcategories&post=660"},{"taxonomy":"post_tag","embeddable":true,"href":"https:\/\/storytellers.se\/index.php?rest_route=%2Fwp%2Fv2%2Ftags&post=660"}],"curies":[{"name":"wp","href":"https:\/\/api.w.org\/{rel}","templated":true}]}}