{"id":658,"date":"2004-06-29T13:24:58","date_gmt":"2004-06-29T12:24:58","guid":{"rendered":"http:\/\/heijbel.wordpress.com\/2004\/06\/29\/storytelling-med-kth-och-kommunforbundet"},"modified":"2004-06-29T13:24:58","modified_gmt":"2004-06-29T12:24:58","slug":"storytelling-med-kth-och-kommunforbundet","status":"publish","type":"post","link":"https:\/\/storytellers.se\/?p=658","title":{"rendered":"Storytelling med KTH och Kommunf\u00f6rbundet"},"content":{"rendered":"<p>25 augusti forts\u00e4tter Matts Heijbel sitt p\u00e5g\u00e5ende samarbete med KTH och Kommunf\u00f6rbundet. Det \u00e4r tredje g\u00e5ngen som kommunchefer p\u00e5 n\u00e4ringslivs- och plansidan, under ledning av Matts Heijbel, reflekterar \u00f6ver hur man synligg\u00f6r v\u00e4rderingar och kulturkapital . Cheferna kommer att ta med egna stories.<\/p>\n","protected":false},"excerpt":{"rendered":"<p>25 augusti forts\u00e4tter Matts Heijbel sitt p\u00e5g\u00e5ende samarbete med KTH och Kommunf\u00f6rbundet. Det \u00e4r tredje g\u00e5ngen som kommunchefer p\u00e5 n\u00e4ringslivs- och plansidan, under ledning av Matts Heijbel, reflekterar \u00f6ver hur man synligg\u00f6r v\u00e4rderingar och kulturkapital . Cheferna kommer att ta med egna stories.<\/p>\n","protected":false},"author":2,"featured_media":0,"comment_status":"closed","ping_status":"closed","sticky":false,"template":"","format":"standard","meta":[],"categories":[9],"tags":[],"_links":{"self":[{"href":"https:\/\/storytellers.se\/index.php?rest_route=\/wp\/v2\/posts\/658"}],"collection":[{"href":"https:\/\/storytellers.se\/index.php?rest_route=\/wp\/v2\/posts"}],"about":[{"href":"https:\/\/storytellers.se\/index.php?rest_route=\/wp\/v2\/types\/post"}],"author":[{"embeddable":true,"href":"https:\/\/storytellers.se\/index.php?rest_route=\/wp\/v2\/users\/2"}],"replies":[{"embeddable":true,"href":"https:\/\/storytellers.se\/index.php?rest_route=%2Fwp%2Fv2%2Fcomments&post=658"}],"version-history":[{"count":0,"href":"https:\/\/storytellers.se\/index.php?rest_route=\/wp\/v2\/posts\/658\/revisions"}],"wp:attachment":[{"href":"https:\/\/storytellers.se\/index.php?rest_route=%2Fwp%2Fv2%2Fmedia&parent=658"}],"wp:term":[{"taxonomy":"category","embeddable":true,"href":"https:\/\/storytellers.se\/index.php?rest_route=%2Fwp%2Fv2%2Fcategories&post=658"},{"taxonomy":"post_tag","embeddable":true,"href":"https:\/\/storytellers.se\/index.php?rest_route=%2Fwp%2Fv2%2Ftags&post=658"}],"curies":[{"name":"wp","href":"https:\/\/api.w.org\/{rel}","templated":true}]}}