{"id":656,"date":"2004-06-29T13:24:19","date_gmt":"2004-06-29T12:24:19","guid":{"rendered":"http:\/\/heijbel.wordpress.com\/2004\/06\/29\/jgk-kompetens-anlitar-matts-heijbel"},"modified":"2004-06-29T13:24:19","modified_gmt":"2004-06-29T12:24:19","slug":"jgk-kompetens-anlitar-matts-heijbel","status":"publish","type":"post","link":"https:\/\/storytellers.se\/?p=656","title":{"rendered":"JGK Kompetens anlitar Matts Heijbel"},"content":{"rendered":"<p>Den 22 september ger Matts Heijbel tips om hur man talar s\u00e5 folk lyssnar och skriver s\u00e5 folk f\u00f6rst\u00e5r. M\u00e5lgruppen \u00e4r assistenter och sekreterare och medverkar g\u00f6r ocks\u00e5 bl a Marika Lagercrantz.<\/p>\n","protected":false},"excerpt":{"rendered":"<p>Den 22 september ger Matts Heijbel tips om hur man talar s\u00e5 folk lyssnar och skriver s\u00e5 folk f\u00f6rst\u00e5r. M\u00e5lgruppen \u00e4r assistenter och sekreterare och medverkar g\u00f6r ocks\u00e5 bl a Marika Lagercrantz.<\/p>\n","protected":false},"author":2,"featured_media":0,"comment_status":"closed","ping_status":"closed","sticky":false,"template":"","format":"standard","meta":[],"categories":[9],"tags":[],"_links":{"self":[{"href":"https:\/\/storytellers.se\/index.php?rest_route=\/wp\/v2\/posts\/656"}],"collection":[{"href":"https:\/\/storytellers.se\/index.php?rest_route=\/wp\/v2\/posts"}],"about":[{"href":"https:\/\/storytellers.se\/index.php?rest_route=\/wp\/v2\/types\/post"}],"author":[{"embeddable":true,"href":"https:\/\/storytellers.se\/index.php?rest_route=\/wp\/v2\/users\/2"}],"replies":[{"embeddable":true,"href":"https:\/\/storytellers.se\/index.php?rest_route=%2Fwp%2Fv2%2Fcomments&post=656"}],"version-history":[{"count":0,"href":"https:\/\/storytellers.se\/index.php?rest_route=\/wp\/v2\/posts\/656\/revisions"}],"wp:attachment":[{"href":"https:\/\/storytellers.se\/index.php?rest_route=%2Fwp%2Fv2%2Fmedia&parent=656"}],"wp:term":[{"taxonomy":"category","embeddable":true,"href":"https:\/\/storytellers.se\/index.php?rest_route=%2Fwp%2Fv2%2Fcategories&post=656"},{"taxonomy":"post_tag","embeddable":true,"href":"https:\/\/storytellers.se\/index.php?rest_route=%2Fwp%2Fv2%2Ftags&post=656"}],"curies":[{"name":"wp","href":"https:\/\/api.w.org\/{rel}","templated":true}]}}