{"id":646,"date":"2004-03-27T09:20:34","date_gmt":"2004-03-27T08:20:34","guid":{"rendered":"http:\/\/heijbel.wordpress.com\/2004\/03\/27\/nyhetsbrev-3-stockholm-10-juni-2004"},"modified":"2004-03-27T09:20:34","modified_gmt":"2004-03-27T08:20:34","slug":"nyhetsbrev-3-stockholm-10-juni-2004","status":"publish","type":"post","link":"https:\/\/storytellers.se\/?p=646","title":{"rendered":"Nyhetsbrev 3: Stockholm 10 juni 2004"},"content":{"rendered":"<p>Jag kommer att medverka i ett miniseminarium i Stockholm den 10 juni. Temat \u00e4r Storytelling i organisationer och den danske storytellern Svend-Erik Engh kommer ocks\u00e5 att medverka. Det \u00e4r Marknadsf\u00f6reningen i Stockholm som arrangerar.<\/p>\n<p><!--more--><br \/>\nSvend-Erik Engh har jobbat med storytelling i m\u00e5nga \u00e5r. B\u00e5de med traditionellt klassiskt ber\u00e4ttande och med Storytelling i organisationer. Den 10 juni handlar det allts\u00e5 om det senare.<br \/>\nSvend-Erik (www.historier.dk) k\u00e4nner personligen den st\u00f6rste av dem alla, Steve Denning, (www.stevedenning.com). Svend-Erik kommer att ber\u00e4tta om vad Steve h\u00e5ller p\u00e5 med och hur tankarna utvecklas borta i USA. Svend-Erik har dessutom nyligen faktal\u00e4st manus p\u00e5 Dennings nya bok som kommer ut i USA nu i sommar.<br \/>\nDenning, som ursprungligen kommer fr\u00e5n Australien, var h\u00f6g chef i V\u00e4rldsbanken n\u00e4r han i slutet av 90-talet tr\u00f6ttnade p\u00e5 obegriplig kommunikation och gick in i storytelleriet. Han \u00e4gnar nu all sin tid \u00e5t Corporate storytelling.<br \/>\nSvend-Erik kommer att ber\u00e4tta om detta och ocks\u00e5 en del om sin egen verksamhet i Danmark. Danskarna ligger lite f\u00f6re oss i utvecklingen p\u00e5 det h\u00e4r omr\u00e5det.<br \/>\nJag kommer sj\u00e4lv att ber\u00e4tta om vad jag h\u00e5ller p\u00e5 med p\u00e5 den svenska scenen. Intresset \u00e4r stort och till de olika f\u00f6rel\u00e4sningar och seminarier jag har h\u00e5llit kommer m\u00e5nga nyfikna, ibland n\u00e4stan fr\u00e4lsta m\u00e4nniskor f\u00f6r att lyssna.<br \/>\nF\u00f6r det \u00e4r fantastiskt att \u00e5teruppt\u00e4cka ber\u00e4ttandet. Att utmana och komplettera power pointeri och sifferexercis med organisationens sanna kulturb\u00e4rande ber\u00e4ttelser. Vi tillbringar st\u00f6rre delen av v\u00e5r vakna tid p\u00e5 jobbet och det \u00e4r rimligt att ber\u00e4ttelserna om denna tillvaro f\u00e5r utrymme.<br \/>\nGenom att ber\u00e4tta och bekr\u00e4fta v\u00e5r kultur och aff\u00e4rsid\u00e9 st\u00e4rker vi identiteten och st\u00f6ttar aff\u00e4rerna och effektiviteten i det vi h\u00e5ller p\u00e5 med. Jag ska ge n\u00e5gra exempel som du kan f\u00e5 h\u00f6ra om du kommer.<br \/>\nS\u00e5 storytellingv\u00e4nner, vill ni ha en liten f\u00f6rsommardos om storytellingl\u00e4get s\u00e5 kom till Marknadsf\u00f6reningen, MiS, p\u00e5 Sveav\u00e4gen 82 den 10 juni mellan klockan 13-15.<br \/>\nDet \u00e4r allts\u00e5 f\u00f6reningen som arrangerar och tar betalt. 490 sek + moms kostar det f\u00f6r medlemmar i Marknadsf\u00f6reningen. Om du inte \u00e4r medlem kan du komma till medlemspris \u00e4nd\u00e5 om du mailar dina uppgifter till kerstin@mis och s\u00e4ger att du f\u00e5tt tipset via Heijbel.<br \/>\nMen man m\u00e5ste allts\u00e5 f\u00f6ranm\u00e4la sig. Utrymmet \u00e4r begr\u00e4nsat.<br \/>\nB\u00e4sta h\u00e4lsn<br \/>\nMatts Heijbel<br \/>\n29. juni 2004<\/p>\n","protected":false},"excerpt":{"rendered":"<p>Jag kommer att medverka i ett miniseminarium i Stockholm den 10 juni. Temat \u00e4r Storytelling i organisationer och den danske storytellern Svend-Erik Engh kommer ocks\u00e5 att medverka. Det \u00e4r Marknadsf\u00f6reningen i Stockholm som arrangerar.<\/p>\n","protected":false},"author":2,"featured_media":0,"comment_status":"open","ping_status":"closed","sticky":false,"template":"","format":"standard","meta":[],"categories":[8],"tags":[],"_links":{"self":[{"href":"https:\/\/storytellers.se\/index.php?rest_route=\/wp\/v2\/posts\/646"}],"collection":[{"href":"https:\/\/storytellers.se\/index.php?rest_route=\/wp\/v2\/posts"}],"about":[{"href":"https:\/\/storytellers.se\/index.php?rest_route=\/wp\/v2\/types\/post"}],"author":[{"embeddable":true,"href":"https:\/\/storytellers.se\/index.php?rest_route=\/wp\/v2\/users\/2"}],"replies":[{"embeddable":true,"href":"https:\/\/storytellers.se\/index.php?rest_route=%2Fwp%2Fv2%2Fcomments&post=646"}],"version-history":[{"count":0,"href":"https:\/\/storytellers.se\/index.php?rest_route=\/wp\/v2\/posts\/646\/revisions"}],"wp:attachment":[{"href":"https:\/\/storytellers.se\/index.php?rest_route=%2Fwp%2Fv2%2Fmedia&parent=646"}],"wp:term":[{"taxonomy":"category","embeddable":true,"href":"https:\/\/storytellers.se\/index.php?rest_route=%2Fwp%2Fv2%2Fcategories&post=646"},{"taxonomy":"post_tag","embeddable":true,"href":"https:\/\/storytellers.se\/index.php?rest_route=%2Fwp%2Fv2%2Ftags&post=646"}],"curies":[{"name":"wp","href":"https:\/\/api.w.org\/{rel}","templated":true}]}}