{"id":644,"date":"2004-01-28T13:35:35","date_gmt":"2004-01-28T12:35:35","guid":{"rendered":"http:\/\/heijbel.wordpress.com\/2004\/01\/28\/storytelling-med-projektledare-och-forsaljare"},"modified":"2004-01-28T13:35:35","modified_gmt":"2004-01-28T12:35:35","slug":"storytelling-med-projektledare-och-forsaljare","status":"publish","type":"post","link":"https:\/\/storytellers.se\/?p=644","title":{"rendered":"Storytelling med projektledare och f\u00f6rs\u00e4ljare"},"content":{"rendered":"<p>Den 4 februari f\u00f6rel\u00e4ser och diskuterar Matts Heijbel  kring Storytelling med projektledare och f\u00f6rs\u00e4ljare i Marknadsf\u00f6reningens regi. Platsen \u00e4r S\u00e5nga-S\u00e4by Kurs &amp; Konferens City, Klarabergsgatan 23 i Stockholm.<\/p>\n","protected":false},"excerpt":{"rendered":"<p>Den 4 februari f\u00f6rel\u00e4ser och diskuterar Matts Heijbel kring Storytelling med projektledare och f\u00f6rs\u00e4ljare i Marknadsf\u00f6reningens regi. Platsen \u00e4r S\u00e5nga-S\u00e4by Kurs &amp; Konferens City, Klarabergsgatan 23 i Stockholm.<\/p>\n","protected":false},"author":2,"featured_media":0,"comment_status":"closed","ping_status":"closed","sticky":false,"template":"","format":"standard","meta":[],"categories":[9],"tags":[],"_links":{"self":[{"href":"https:\/\/storytellers.se\/index.php?rest_route=\/wp\/v2\/posts\/644"}],"collection":[{"href":"https:\/\/storytellers.se\/index.php?rest_route=\/wp\/v2\/posts"}],"about":[{"href":"https:\/\/storytellers.se\/index.php?rest_route=\/wp\/v2\/types\/post"}],"author":[{"embeddable":true,"href":"https:\/\/storytellers.se\/index.php?rest_route=\/wp\/v2\/users\/2"}],"replies":[{"embeddable":true,"href":"https:\/\/storytellers.se\/index.php?rest_route=%2Fwp%2Fv2%2Fcomments&post=644"}],"version-history":[{"count":0,"href":"https:\/\/storytellers.se\/index.php?rest_route=\/wp\/v2\/posts\/644\/revisions"}],"wp:attachment":[{"href":"https:\/\/storytellers.se\/index.php?rest_route=%2Fwp%2Fv2%2Fmedia&parent=644"}],"wp:term":[{"taxonomy":"category","embeddable":true,"href":"https:\/\/storytellers.se\/index.php?rest_route=%2Fwp%2Fv2%2Fcategories&post=644"},{"taxonomy":"post_tag","embeddable":true,"href":"https:\/\/storytellers.se\/index.php?rest_route=%2Fwp%2Fv2%2Ftags&post=644"}],"curies":[{"name":"wp","href":"https:\/\/api.w.org\/{rel}","templated":true}]}}