{"id":640,"date":"2004-01-28T13:34:04","date_gmt":"2004-01-28T12:34:04","guid":{"rendered":"http:\/\/heijbel.wordpress.com\/2004\/01\/28\/marknadsforeningens-erfagrupper"},"modified":"2004-01-28T13:34:04","modified_gmt":"2004-01-28T12:34:04","slug":"marknadsforeningens-erfagrupper","status":"publish","type":"post","link":"https:\/\/storytellers.se\/?p=640","title":{"rendered":"Marknadsf\u00f6reningens Erfagrupper"},"content":{"rendered":"<p>Den 17 mars f\u00f6rel\u00e4ser Matts Heijbel om Storytelling i samarbete med en av Marknadsf\u00f6reningens Erfagrupper.<\/p>\n","protected":false},"excerpt":{"rendered":"<p>Den 17 mars f\u00f6rel\u00e4ser Matts Heijbel om Storytelling i samarbete med en av Marknadsf\u00f6reningens Erfagrupper.<\/p>\n","protected":false},"author":2,"featured_media":0,"comment_status":"closed","ping_status":"closed","sticky":false,"template":"","format":"standard","meta":[],"categories":[9],"tags":[],"_links":{"self":[{"href":"https:\/\/storytellers.se\/index.php?rest_route=\/wp\/v2\/posts\/640"}],"collection":[{"href":"https:\/\/storytellers.se\/index.php?rest_route=\/wp\/v2\/posts"}],"about":[{"href":"https:\/\/storytellers.se\/index.php?rest_route=\/wp\/v2\/types\/post"}],"author":[{"embeddable":true,"href":"https:\/\/storytellers.se\/index.php?rest_route=\/wp\/v2\/users\/2"}],"replies":[{"embeddable":true,"href":"https:\/\/storytellers.se\/index.php?rest_route=%2Fwp%2Fv2%2Fcomments&post=640"}],"version-history":[{"count":0,"href":"https:\/\/storytellers.se\/index.php?rest_route=\/wp\/v2\/posts\/640\/revisions"}],"wp:attachment":[{"href":"https:\/\/storytellers.se\/index.php?rest_route=%2Fwp%2Fv2%2Fmedia&parent=640"}],"wp:term":[{"taxonomy":"category","embeddable":true,"href":"https:\/\/storytellers.se\/index.php?rest_route=%2Fwp%2Fv2%2Fcategories&post=640"},{"taxonomy":"post_tag","embeddable":true,"href":"https:\/\/storytellers.se\/index.php?rest_route=%2Fwp%2Fv2%2Ftags&post=640"}],"curies":[{"name":"wp","href":"https:\/\/api.w.org\/{rel}","templated":true}]}}