{"id":638,"date":"2004-01-28T13:33:35","date_gmt":"2004-01-28T12:33:35","guid":{"rendered":"http:\/\/heijbel.wordpress.com\/2004\/01\/28\/kommunforbundet"},"modified":"2004-01-28T13:33:35","modified_gmt":"2004-01-28T12:33:35","slug":"kommunforbundet","status":"publish","type":"post","link":"https:\/\/storytellers.se\/?p=638","title":{"rendered":"Kommunf\u00f6rbundet"},"content":{"rendered":"<p>Den 18 mars f\u00f6rel\u00e4ser Matts Heijbel f\u00f6r kommunala chefer om Storytelling som profileringsverktyg och hj\u00e4lpmedel vid varum\u00e4rkesbyggande. F\u00f6rel\u00e4sningen som h\u00e5lls aprop\u00e5 regional planering genomf\u00f6rs  i samverkan med Kommunf\u00f6rbundet.<\/p>\n","protected":false},"excerpt":{"rendered":"<p>Den 18 mars f\u00f6rel\u00e4ser Matts Heijbel f\u00f6r kommunala chefer om Storytelling som profileringsverktyg och hj\u00e4lpmedel vid varum\u00e4rkesbyggande. F\u00f6rel\u00e4sningen som h\u00e5lls aprop\u00e5 regional planering genomf\u00f6rs i samverkan med Kommunf\u00f6rbundet.<\/p>\n","protected":false},"author":2,"featured_media":0,"comment_status":"closed","ping_status":"closed","sticky":false,"template":"","format":"standard","meta":[],"categories":[9],"tags":[],"_links":{"self":[{"href":"https:\/\/storytellers.se\/index.php?rest_route=\/wp\/v2\/posts\/638"}],"collection":[{"href":"https:\/\/storytellers.se\/index.php?rest_route=\/wp\/v2\/posts"}],"about":[{"href":"https:\/\/storytellers.se\/index.php?rest_route=\/wp\/v2\/types\/post"}],"author":[{"embeddable":true,"href":"https:\/\/storytellers.se\/index.php?rest_route=\/wp\/v2\/users\/2"}],"replies":[{"embeddable":true,"href":"https:\/\/storytellers.se\/index.php?rest_route=%2Fwp%2Fv2%2Fcomments&post=638"}],"version-history":[{"count":0,"href":"https:\/\/storytellers.se\/index.php?rest_route=\/wp\/v2\/posts\/638\/revisions"}],"wp:attachment":[{"href":"https:\/\/storytellers.se\/index.php?rest_route=%2Fwp%2Fv2%2Fmedia&parent=638"}],"wp:term":[{"taxonomy":"category","embeddable":true,"href":"https:\/\/storytellers.se\/index.php?rest_route=%2Fwp%2Fv2%2Fcategories&post=638"},{"taxonomy":"post_tag","embeddable":true,"href":"https:\/\/storytellers.se\/index.php?rest_route=%2Fwp%2Fv2%2Ftags&post=638"}],"curies":[{"name":"wp","href":"https:\/\/api.w.org\/{rel}","templated":true}]}}