{"id":632,"date":"2004-01-28T13:31:08","date_gmt":"2004-01-28T12:31:08","guid":{"rendered":"http:\/\/heijbel.wordpress.com\/2004\/01\/28\/jgk-konferensproduktion"},"modified":"2004-01-28T13:31:08","modified_gmt":"2004-01-28T12:31:08","slug":"jgk-konferensproduktion","status":"publish","type":"post","link":"https:\/\/storytellers.se\/?p=632","title":{"rendered":"JGK Konferensproduktion"},"content":{"rendered":"<p>Den 13 maj f\u00f6rel\u00e4ser Matts Heijbel om rakt skrivande och raka uttryckss\u00e4tt  f\u00f6r assistenter och sekreterare i samarbete med JGK Konferensproduktion<\/p>\n","protected":false},"excerpt":{"rendered":"<p>Den 13 maj f\u00f6rel\u00e4ser Matts Heijbel om rakt skrivande och raka uttryckss\u00e4tt f\u00f6r assistenter och sekreterare i samarbete med JGK Konferensproduktion<\/p>\n","protected":false},"author":2,"featured_media":0,"comment_status":"closed","ping_status":"closed","sticky":false,"template":"","format":"standard","meta":[],"categories":[9],"tags":[],"_links":{"self":[{"href":"https:\/\/storytellers.se\/index.php?rest_route=\/wp\/v2\/posts\/632"}],"collection":[{"href":"https:\/\/storytellers.se\/index.php?rest_route=\/wp\/v2\/posts"}],"about":[{"href":"https:\/\/storytellers.se\/index.php?rest_route=\/wp\/v2\/types\/post"}],"author":[{"embeddable":true,"href":"https:\/\/storytellers.se\/index.php?rest_route=\/wp\/v2\/users\/2"}],"replies":[{"embeddable":true,"href":"https:\/\/storytellers.se\/index.php?rest_route=%2Fwp%2Fv2%2Fcomments&post=632"}],"version-history":[{"count":0,"href":"https:\/\/storytellers.se\/index.php?rest_route=\/wp\/v2\/posts\/632\/revisions"}],"wp:attachment":[{"href":"https:\/\/storytellers.se\/index.php?rest_route=%2Fwp%2Fv2%2Fmedia&parent=632"}],"wp:term":[{"taxonomy":"category","embeddable":true,"href":"https:\/\/storytellers.se\/index.php?rest_route=%2Fwp%2Fv2%2Fcategories&post=632"},{"taxonomy":"post_tag","embeddable":true,"href":"https:\/\/storytellers.se\/index.php?rest_route=%2Fwp%2Fv2%2Ftags&post=632"}],"curies":[{"name":"wp","href":"https:\/\/api.w.org\/{rel}","templated":true}]}}