{"id":602,"date":"2003-09-22T13:44:29","date_gmt":"2003-09-22T12:44:29","guid":{"rendered":"http:\/\/heijbel.wordpress.com\/2003\/09\/22\/vad-menar-du-med-storytelling-i-organisationer"},"modified":"2003-09-22T13:44:29","modified_gmt":"2003-09-22T12:44:29","slug":"vad-menar-du-med-storytelling-i-organisationer","status":"publish","type":"post","link":"https:\/\/storytellers.se\/?p=602","title":{"rendered":"Vad menar du med storytelling i organisationer?"},"content":{"rendered":"<p>Jag menar att storytelling \u00e4r ett kommunikationss\u00e4tt d\u00e4r man anv\u00e4nder den djupt m\u00e4nskliga ber\u00e4ttartekniken f\u00f6r att st\u00f6dja aff\u00e4rerna och f\u00f6r att g\u00f6ra kulturen i ett f\u00f6retag eller en organisation synlig.<\/p>\n<p><!--more--><br \/>\nStorytelling \u00e4r en ur\u00e5ldrig metod att \u00f6verf\u00f6ra kunskap och visa var man kommer ifr\u00e5n och vart man \u00e4r p\u00e5 v\u00e4g. Jag tycker att m\u00e4nniskor som s\u00e4ljer 40 timmar i veckan till en arbetsgivare har r\u00e4tt att f\u00e5 vissa sammanhang beskrivna. Inte minst p\u00e5 det moraliskt etiska omr\u00e5det.<br \/>\nStorytellingtekniken kan anv\u00e4ndas i dessa sammanhang men ocks\u00e5 f\u00f6r att skicka en ber\u00e4ttelse med en vara eller en tj\u00e4nst. Kanske ber\u00e4ttelsen om r\u00e5varan eller om de m\u00e4nniskor som arbetat med varan.<\/p>\n","protected":false},"excerpt":{"rendered":"<p>Jag menar att storytelling \u00e4r ett kommunikationss\u00e4tt d\u00e4r man anv\u00e4nder den djupt m\u00e4nskliga ber\u00e4ttartekniken f\u00f6r att st\u00f6dja aff\u00e4rerna och f\u00f6r att g\u00f6ra kulturen i ett f\u00f6retag eller en organisation synlig.<\/p>\n","protected":false},"author":2,"featured_media":0,"comment_status":"closed","ping_status":"closed","sticky":false,"template":"","format":"standard","meta":[],"categories":[6],"tags":[],"_links":{"self":[{"href":"https:\/\/storytellers.se\/index.php?rest_route=\/wp\/v2\/posts\/602"}],"collection":[{"href":"https:\/\/storytellers.se\/index.php?rest_route=\/wp\/v2\/posts"}],"about":[{"href":"https:\/\/storytellers.se\/index.php?rest_route=\/wp\/v2\/types\/post"}],"author":[{"embeddable":true,"href":"https:\/\/storytellers.se\/index.php?rest_route=\/wp\/v2\/users\/2"}],"replies":[{"embeddable":true,"href":"https:\/\/storytellers.se\/index.php?rest_route=%2Fwp%2Fv2%2Fcomments&post=602"}],"version-history":[{"count":0,"href":"https:\/\/storytellers.se\/index.php?rest_route=\/wp\/v2\/posts\/602\/revisions"}],"wp:attachment":[{"href":"https:\/\/storytellers.se\/index.php?rest_route=%2Fwp%2Fv2%2Fmedia&parent=602"}],"wp:term":[{"taxonomy":"category","embeddable":true,"href":"https:\/\/storytellers.se\/index.php?rest_route=%2Fwp%2Fv2%2Fcategories&post=602"},{"taxonomy":"post_tag","embeddable":true,"href":"https:\/\/storytellers.se\/index.php?rest_route=%2Fwp%2Fv2%2Ftags&post=602"}],"curies":[{"name":"wp","href":"https:\/\/api.w.org\/{rel}","templated":true}]}}