{"id":5988,"date":"2018-03-28T16:31:44","date_gmt":"2018-03-28T14:31:44","guid":{"rendered":"http:\/\/storytellers.se\/?p=5988"},"modified":"2023-07-13T09:32:09","modified_gmt":"2023-07-13T07:32:09","slug":"maten-och-berattelsen","status":"publish","type":"post","link":"https:\/\/storytellers.se\/?p=5988","title":{"rendered":"Maten och ber\u00e4ttelsen"},"content":{"rendered":"<p>Jag st\u00f6tte p\u00e5 n\u00e5gra vildsvinsfarmare som h\u00f6jde priset i g\u00e5rdsbutiken genom att ber\u00e4tta om \u00e5ngestfri slakt och saltst\u00e4nkt enris vid r\u00f6kningen av k\u00f6ttet. F\u00f6r den som nu kan t\u00e4nka sig fl\u00e4skk\u00f6tt.<\/p>\n<p><img decoding=\"async\" loading=\"lazy\" src=\"https:\/\/heijbel.files.wordpress.com\/2018\/03\/vildsvin-001.jpeg\" alt=\"vildsvin.001.jpeg\" width=\"1024\" height=\"768\" class=\"alignnone size-full wp-image-5989\" \/><\/p>\n<p>Inom livsmedels- och restaurangn\u00e4ring anv\u00e4nds ber\u00e4ttelserna ofta som merv\u00e4rden &#8211; \u00e4ven om det finns mycket mer man skulle kunna g\u00f6ra. Det r\u00e4cker kanske inte alltid att kocken ber\u00e4ttar om vad som serveras just idag och vid detta bord.<\/p>\n<p>Nu, i p\u00e5sktid, \u00e4r det mycket om den ber\u00e4ttande maten. \u00c4gget \u00e4r f\u00f6rst\u00e5s helt centralt inte minst i den kristna kulturen. \u00c4gget ber\u00e4ttar, f\u00f6r den som vill lyssna p\u00e5 det \u00f6rat, om f\u00f6delse och ny b\u00f6rjan.<\/p>\n<p>Runt om i v\u00e4rlden associeras \u00e4gget till hur universum en g\u00e5ng kom till. H\u00e4r i v\u00e5r kulturkrets \u00e4r det f\u00f6r m\u00e5nga en symbol f\u00f6r Jesu \u00e5terf\u00f6delse.<\/p>\n<p>Ur ett Corporate Storytellerperspektiv \u00e4r det kanske l\u00e4ge att stanna upp vid \u00e4gget och reflektera \u00f6ver hur vi kan starta om och satsa vidare i verksamheten. Den typen av riter beh\u00f6ver m\u00e4nniskan. \u00c4ven p\u00e5 jobbet.<\/p>\n<p>Det kanske rent av \u00e4r s\u00e5 att \u00e4ven f\u00f6retag och organisationer beh\u00f6ver n\u00e5gon slags motsvarighet till kyrko\u00e5ret. Att man genom kalendern tar upp och p\u00e5minner sig om olika aspekter p\u00e5 verksamheten. \u00c5r efter \u00e5r, s\u00e5 vi inte gl\u00f6mmer meningen med verksamheten.<\/p>\n<p>Nu p\u00e5 v\u00e5ren skulle man kunna ta \u00e4gget och ropa:<\/p>\n<p>\u2013 Nu k\u00f6r vi vidare mot nya m\u00e5l<\/p>\n","protected":false},"excerpt":{"rendered":"<p>Jag st\u00f6tte p\u00e5 n\u00e5gra vildsvinsfarmare som h\u00f6jde priset i g\u00e5rdsbutiken genom att ber\u00e4tta om \u00e5ngestfri slakt och saltst\u00e4nkt enris vid r\u00f6kningen av k\u00f6ttet. F\u00f6r den som nu kan t\u00e4nka sig fl\u00e4skk\u00f6tt. Inom livsmedels- och restaurangn\u00e4ring anv\u00e4nds ber\u00e4ttelserna ofta som merv\u00e4rden &#8211; \u00e4ven om det finns mycket mer man skulle kunna g\u00f6ra. Det r\u00e4cker kanske inte&#8230;<\/p>\n","protected":false},"author":2,"featured_media":0,"comment_status":"closed","ping_status":"closed","sticky":false,"template":"","format":"standard","meta":[],"categories":[4,9],"tags":[],"_links":{"self":[{"href":"https:\/\/storytellers.se\/index.php?rest_route=\/wp\/v2\/posts\/5988"}],"collection":[{"href":"https:\/\/storytellers.se\/index.php?rest_route=\/wp\/v2\/posts"}],"about":[{"href":"https:\/\/storytellers.se\/index.php?rest_route=\/wp\/v2\/types\/post"}],"author":[{"embeddable":true,"href":"https:\/\/storytellers.se\/index.php?rest_route=\/wp\/v2\/users\/2"}],"replies":[{"embeddable":true,"href":"https:\/\/storytellers.se\/index.php?rest_route=%2Fwp%2Fv2%2Fcomments&post=5988"}],"version-history":[{"count":1,"href":"https:\/\/storytellers.se\/index.php?rest_route=\/wp\/v2\/posts\/5988\/revisions"}],"predecessor-version":[{"id":6040,"href":"https:\/\/storytellers.se\/index.php?rest_route=\/wp\/v2\/posts\/5988\/revisions\/6040"}],"wp:attachment":[{"href":"https:\/\/storytellers.se\/index.php?rest_route=%2Fwp%2Fv2%2Fmedia&parent=5988"}],"wp:term":[{"taxonomy":"category","embeddable":true,"href":"https:\/\/storytellers.se\/index.php?rest_route=%2Fwp%2Fv2%2Fcategories&post=5988"},{"taxonomy":"post_tag","embeddable":true,"href":"https:\/\/storytellers.se\/index.php?rest_route=%2Fwp%2Fv2%2Ftags&post=5988"}],"curies":[{"name":"wp","href":"https:\/\/api.w.org\/{rel}","templated":true}]}}