{"id":5985,"date":"2018-03-23T15:47:36","date_gmt":"2018-03-23T14:47:36","guid":{"rendered":"http:\/\/storytellers.se\/?p=5985"},"modified":"2018-03-23T15:47:36","modified_gmt":"2018-03-23T14:47:36","slug":"storytellade-med-miljoforvaltningen-i-framgangsrika-malmo-stad","status":"publish","type":"post","link":"https:\/\/storytellers.se\/?p=5985","title":{"rendered":"Storytellade med Milj\u00f6f\u00f6rvaltningen i framg\u00e5ngsrika Malm\u00f6 Stad"},"content":{"rendered":"<p>Milj\u00f6f\u00f6rvaltningen i Malm\u00f6 bidrar till att r\u00e4dda Malm\u00f6 och ytterst hela v\u00e4rlden. Det var tydligt n\u00e4r jag f\u00f6r n\u00e5gra dagar sen ledde sk\u00f6rden av ber\u00e4ttelser tillsammans med 140 medarbetare.<\/p>\n<p><img decoding=\"async\" loading=\"lazy\" src=\"https:\/\/heijbel.files.wordpress.com\/2018\/03\/img_20180321_113656314.jpg\" alt=\"IMG_20180321_113656314.jpg\" width=\"4032\" height=\"3024\" class=\"alignnone size-full wp-image-5986\" \/><\/p>\n<p>Det \u00e4r viktigt att ber\u00e4tta och exemplifiera s\u00e5 storytelling \u00e4r ett bra komplement till den mer formella och strikta verksamhetsbeskrivningen.<\/p>\n<p>Det finns med andra ord olika s\u00e4tt att beskriva en kommunal f\u00f6rvaltning. Mitt s\u00e4tt \u00e4r f\u00f6rst\u00e5s att, ber\u00e4ttelsev\u00e4gen, visa varf\u00f6r verksamheten kom till, varf\u00f6r den \u00f6verhuvudtaget finns och vart den \u00e4r \u00e4r p\u00e5 v\u00e4g.<\/p>\n<p>Varf\u00f6r finns en milj\u00f6f\u00f6rvaltning? Vad vi skall ha den till? Finansierad av v\u00e5ra skattepengar!<\/p>\n<p>Verksamheter styrda av lagar och regelverk kan, ut\u00f6ver regleringsbrev och olika regelverk, bli synliga f\u00f6r dem, som kanske inte annars vet, med ber\u00e4ttelser fr\u00e5n verkligheten. <\/p>\n<p>Detta \u00e4r sj\u00e4lvklart f\u00f6r kommunikat\u00f6rsproffsen i Malm\u00f6, som faktiskt ig\u00e5r ocks\u00e5 vann Stora Kommunikat\u00f6rspriset 2018. Sedan 1991 har Sveriges Kommunikat\u00f6rer \u00e5rligen delat ut Stora Kommunikat\u00f6rspriset, med syfte att uppm\u00e4rksamma personer och organisationer som gjort stora insatser inom kommunikation under det g\u00e5nga \u00e5ret.<\/p>\n<p>Motivering: <em>&#8221;Trots tuffa utmaningar eller kanske tack vare dessa har Malm\u00f6 Stad i h\u00e5rd konkurrens lyckats attrahera och beh\u00e5lla nyckelpersoner f\u00f6r att skapa bra f\u00f6ruts\u00e4ttningar f\u00f6r alla medarbetare att bidra till Malm\u00f6s utveckling. Malm\u00f6 stads kommunikationsavdelning har genom att engagera chefer och kommunikat\u00f6rer utvecklat den kommunikativa f\u00f6rm\u00e5gan i hela organisationen, vilket har \u00f6kat engagemanget p\u00e5 de m\u00e5nga arbetsplatserna i kommunens verksamheter. Tillsammans med en bredd i kommunikationsaktiviteterna har tusentals eldsj\u00e4lar stigit fram inom Malm\u00f6 Stad.\u201d<\/em><\/p>\n<p>D\u00e5 kan man ocks\u00e5 ber\u00e4tta om den oroliga kvinnan, som var lite besv\u00e4rlig, kom f\u00f6r att kommunen skulle kolla att det inte var str\u00e5lning i hennes ryska tekoppar fr\u00e5n loppis.<\/p>\n<p>Eller om restaurangen som, felaktigt, p\u00e5stod att de alltid anv\u00e4nder \u00e4kta parmesan, en livsviktig fr\u00e5ga f\u00f6r allergiker. Inspektionen visade att det inte var parmesan utan annan ost med \u00e4gg.<\/p>\n<p>Och om barnet fr\u00e5n Roseng\u00e5rd som ber\u00e4ttade att hennes mamma slutade gr\u00e5ta n\u00e4r mamman fick en m\u00f6jlighet att odla i en egen pallkrage i Roseng\u00e5rd. Milj\u00f6f\u00f6rvaltningen arbetar bland mycket annat med torg- j\u00e4mst\u00e4lldhets- och odlingsprojekt.<\/p>\n<p>Ber\u00e4ttelser befolkar allts\u00e5 framg\u00e5ngsrika f\u00f6rvaltningar och g\u00f6r dem synliga.<\/p>\n","protected":false},"excerpt":{"rendered":"<p>Milj\u00f6f\u00f6rvaltningen i Malm\u00f6 bidrar till att r\u00e4dda Malm\u00f6 och ytterst hela v\u00e4rlden. Det var tydligt n\u00e4r jag f\u00f6r n\u00e5gra dagar sen ledde sk\u00f6rden av ber\u00e4ttelser tillsammans med 140 medarbetare. Det \u00e4r viktigt att ber\u00e4tta och exemplifiera s\u00e5 storytelling \u00e4r ett bra komplement till den mer formella och strikta verksamhetsbeskrivningen. Det finns med andra ord olika&#8230;<\/p>\n","protected":false},"author":2,"featured_media":0,"comment_status":"open","ping_status":"open","sticky":false,"template":"","format":"standard","meta":[],"categories":[2,4],"tags":[],"_links":{"self":[{"href":"https:\/\/storytellers.se\/index.php?rest_route=\/wp\/v2\/posts\/5985"}],"collection":[{"href":"https:\/\/storytellers.se\/index.php?rest_route=\/wp\/v2\/posts"}],"about":[{"href":"https:\/\/storytellers.se\/index.php?rest_route=\/wp\/v2\/types\/post"}],"author":[{"embeddable":true,"href":"https:\/\/storytellers.se\/index.php?rest_route=\/wp\/v2\/users\/2"}],"replies":[{"embeddable":true,"href":"https:\/\/storytellers.se\/index.php?rest_route=%2Fwp%2Fv2%2Fcomments&post=5985"}],"version-history":[{"count":0,"href":"https:\/\/storytellers.se\/index.php?rest_route=\/wp\/v2\/posts\/5985\/revisions"}],"wp:attachment":[{"href":"https:\/\/storytellers.se\/index.php?rest_route=%2Fwp%2Fv2%2Fmedia&parent=5985"}],"wp:term":[{"taxonomy":"category","embeddable":true,"href":"https:\/\/storytellers.se\/index.php?rest_route=%2Fwp%2Fv2%2Fcategories&post=5985"},{"taxonomy":"post_tag","embeddable":true,"href":"https:\/\/storytellers.se\/index.php?rest_route=%2Fwp%2Fv2%2Ftags&post=5985"}],"curies":[{"name":"wp","href":"https:\/\/api.w.org\/{rel}","templated":true}]}}