{"id":5964,"date":"2018-01-24T13:31:56","date_gmt":"2018-01-24T12:31:56","guid":{"rendered":"http:\/\/storytellers.se\/?p=5964"},"modified":"2018-01-24T13:31:56","modified_gmt":"2018-01-24T12:31:56","slug":"nyhetsbrev-107-bl-a-om-kurser-och-lite-olika-resonemang-om-storyperspektiv","status":"publish","type":"post","link":"https:\/\/storytellers.se\/?p=5964","title":{"rendered":"Nyhetsbrev 107: Bl a om kurser och lite olika resonemang om storyperspektiv"},"content":{"rendered":"<p><img decoding=\"async\" loading=\"lazy\" src=\"https:\/\/heijbel.files.wordpress.com\/2018\/01\/img_1774.jpg\" alt=\"IMG_1774.jpg\" width=\"3264\" height=\"2448\" class=\"alignnone size-full wp-image-5965\" \/><\/p>\n<p>Drygt 2.000 namn p\u00e5 kontaktlistan har i nyligen f\u00e5tt detta det 107:de nyhetsbrevet fr\u00e5n storytellers.<\/p>\n<p>https:\/\/www.linkedin.com\/pulse\/m\u00e4nniskor-ber\u00e4ttar-f\u00f6r-att-utvecklas-matts-heijbel\/?trackingId=lIhHDG3Wp4GsANWQ%2Fi6H8w%3D%3D<\/p>\n","protected":false},"excerpt":{"rendered":"<p>Drygt 2.000 namn p\u00e5 kontaktlistan har i nyligen f\u00e5tt detta det 107:de nyhetsbrevet fr\u00e5n storytellers. https:\/\/www.linkedin.com\/pulse\/m\u00e4nniskor-ber\u00e4ttar-f\u00f6r-att-utvecklas-matts-heijbel\/?trackingId=lIhHDG3Wp4GsANWQ%2Fi6H8w%3D%3D<\/p>\n","protected":false},"author":2,"featured_media":0,"comment_status":"open","ping_status":"open","sticky":false,"template":"","format":"standard","meta":[],"categories":[9],"tags":[],"_links":{"self":[{"href":"https:\/\/storytellers.se\/index.php?rest_route=\/wp\/v2\/posts\/5964"}],"collection":[{"href":"https:\/\/storytellers.se\/index.php?rest_route=\/wp\/v2\/posts"}],"about":[{"href":"https:\/\/storytellers.se\/index.php?rest_route=\/wp\/v2\/types\/post"}],"author":[{"embeddable":true,"href":"https:\/\/storytellers.se\/index.php?rest_route=\/wp\/v2\/users\/2"}],"replies":[{"embeddable":true,"href":"https:\/\/storytellers.se\/index.php?rest_route=%2Fwp%2Fv2%2Fcomments&post=5964"}],"version-history":[{"count":0,"href":"https:\/\/storytellers.se\/index.php?rest_route=\/wp\/v2\/posts\/5964\/revisions"}],"wp:attachment":[{"href":"https:\/\/storytellers.se\/index.php?rest_route=%2Fwp%2Fv2%2Fmedia&parent=5964"}],"wp:term":[{"taxonomy":"category","embeddable":true,"href":"https:\/\/storytellers.se\/index.php?rest_route=%2Fwp%2Fv2%2Fcategories&post=5964"},{"taxonomy":"post_tag","embeddable":true,"href":"https:\/\/storytellers.se\/index.php?rest_route=%2Fwp%2Fv2%2Ftags&post=5964"}],"curies":[{"name":"wp","href":"https:\/\/api.w.org\/{rel}","templated":true}]}}