{"id":5957,"date":"2018-01-05T11:42:48","date_gmt":"2018-01-05T10:42:48","guid":{"rendered":"http:\/\/storytellers.se\/?p=5957"},"modified":"2018-01-05T11:42:48","modified_gmt":"2018-01-05T10:42:48","slug":"ett-samtal-med-henric-smolak-i-dagens-mediapodden-under-15","status":"publish","type":"post","link":"https:\/\/storytellers.se\/?p=5957","title":{"rendered":"Ett samtal med Henric Smolak i Dagens Mediapodden Under 15"},"content":{"rendered":"<p><img decoding=\"async\" loading=\"lazy\" src=\"https:\/\/heijbel.files.wordpress.com\/2018\/01\/img_1650-1.jpg\" alt=\"IMG_1650 (1).jpg\" width=\"4032\" height=\"3024\" class=\"alignnone size-full wp-image-5962\" \/><\/p>\n<p>Dagens Mediapodden <em><strong>Under 15<\/strong><\/em> publicerar samtal med experter och det h\u00e5ller sig, som Under 15 visar, under femton minuter. I den aktuella publiceringen \u00e4r det jag, Matts Heijbel, som \u00e4r experten.<\/p>\n<p>https:\/\/lnkd.in\/essqfWS<\/p>\n","protected":false},"excerpt":{"rendered":"<p>Dagens Mediapodden Under 15 publicerar samtal med experter och det h\u00e5ller sig, som Under 15 visar, under femton minuter. I den aktuella publiceringen \u00e4r det jag, Matts Heijbel, som \u00e4r experten. https:\/\/lnkd.in\/essqfWS<\/p>\n","protected":false},"author":2,"featured_media":0,"comment_status":"open","ping_status":"open","sticky":false,"template":"","format":"standard","meta":[],"categories":[9],"tags":[],"_links":{"self":[{"href":"https:\/\/storytellers.se\/index.php?rest_route=\/wp\/v2\/posts\/5957"}],"collection":[{"href":"https:\/\/storytellers.se\/index.php?rest_route=\/wp\/v2\/posts"}],"about":[{"href":"https:\/\/storytellers.se\/index.php?rest_route=\/wp\/v2\/types\/post"}],"author":[{"embeddable":true,"href":"https:\/\/storytellers.se\/index.php?rest_route=\/wp\/v2\/users\/2"}],"replies":[{"embeddable":true,"href":"https:\/\/storytellers.se\/index.php?rest_route=%2Fwp%2Fv2%2Fcomments&post=5957"}],"version-history":[{"count":0,"href":"https:\/\/storytellers.se\/index.php?rest_route=\/wp\/v2\/posts\/5957\/revisions"}],"wp:attachment":[{"href":"https:\/\/storytellers.se\/index.php?rest_route=%2Fwp%2Fv2%2Fmedia&parent=5957"}],"wp:term":[{"taxonomy":"category","embeddable":true,"href":"https:\/\/storytellers.se\/index.php?rest_route=%2Fwp%2Fv2%2Fcategories&post=5957"},{"taxonomy":"post_tag","embeddable":true,"href":"https:\/\/storytellers.se\/index.php?rest_route=%2Fwp%2Fv2%2Ftags&post=5957"}],"curies":[{"name":"wp","href":"https:\/\/api.w.org\/{rel}","templated":true}]}}