{"id":590,"date":"2003-09-10T13:47:46","date_gmt":"2003-09-10T12:47:46","guid":{"rendered":"http:\/\/heijbel.wordpress.com\/2003\/09\/10\/etikfragor-vid-storytelling"},"modified":"2003-09-10T13:47:46","modified_gmt":"2003-09-10T12:47:46","slug":"etikfragor-vid-storytelling","status":"publish","type":"post","link":"https:\/\/storytellers.se\/?p=590","title":{"rendered":"Etikfr\u00e5gor vid storytelling"},"content":{"rendered":"<p>N\u00e4r ett f\u00f6retag eller en organisation ger sig in i storytelling uppst\u00e5r snart en rad fr\u00e5gor: Vems historia? Vad blir gl\u00f6mt? Etikfr\u00e5gorna kommer man aldrig runt.<\/p>\n<p><!--more--><br \/>\n<img decoding=\"async\" loading=\"lazy\" style=\"padding:10px;\" alt=\"etikbild_r1_c1.jpg\" src=\"http:\/\/www.storytellers.nu\/txt\/archives\/bildtest\/etikbild_r1_c1-thumb.jpg\" width=\"84\" height=\"127\" align=\"left\" \/><br \/>\nVi har alla r\u00e4tt att v\u00e4lja vad vi vill ber\u00e4tta om v\u00e5r historia. Vilka av v\u00e5ra f\u00f6rf\u00e4der och f\u00f6rm\u00f6drar vi vill lyfta fram. Det \u00e4r ingenting konstigt med det.<br \/>\nDet samma g\u00e4ller n\u00e4r man beskriver en organisations kultur och historiska bild av sig sj\u00e4lv. Vi v\u00e4ljer. Men innan vi g\u00f6r det \u00e4r det viktigt att vi v\u00e5gar oss p\u00e5 en etisk diskussion om v\u00e5ra val.<\/p>\n<p>All form av storytelling i organisationer kr\u00e4ver att vi talar sanning. B\u00e5de n\u00e4r vi v\u00e4nder blicken bak\u00e5t, mot nuet eller vision\u00e4rt fram\u00e5t. Om vi ljuger och far med osanning kommer hela storytellingprojektet att misslyckas och det riskerar att skada organisationen.<br \/>\nD\u00e4remot har en storyteller r\u00e4tt att m\u00e5la och skissartat f\u00f6renkla. Det \u00e4r till och med n\u00f6dv\u00e4ndigt f\u00f6r att stimulera det m\u00e4nskliga ber\u00e4ttandet. En muntlig ber\u00e4ttartradition kan inte kr\u00e4va exakta uppgifter om allt och alla.<\/p>\n<p>Den r\u00f6da tr\u00e5den d\u00e4remot, sj\u00e4lva budskapet eller po\u00e4ngen, den m\u00e5ste av organisationen upplevas som sann.<\/p>\n<p>&nbsp;<\/p>\n","protected":false},"excerpt":{"rendered":"<p>N\u00e4r ett f\u00f6retag eller en organisation ger sig in i storytelling uppst\u00e5r snart en rad fr\u00e5gor: Vems historia? Vad blir gl\u00f6mt? Etikfr\u00e5gorna kommer man aldrig runt.<\/p>\n","protected":false},"author":2,"featured_media":0,"comment_status":"closed","ping_status":"closed","sticky":false,"template":"","format":"standard","meta":[],"categories":[2],"tags":[],"_links":{"self":[{"href":"https:\/\/storytellers.se\/index.php?rest_route=\/wp\/v2\/posts\/590"}],"collection":[{"href":"https:\/\/storytellers.se\/index.php?rest_route=\/wp\/v2\/posts"}],"about":[{"href":"https:\/\/storytellers.se\/index.php?rest_route=\/wp\/v2\/types\/post"}],"author":[{"embeddable":true,"href":"https:\/\/storytellers.se\/index.php?rest_route=\/wp\/v2\/users\/2"}],"replies":[{"embeddable":true,"href":"https:\/\/storytellers.se\/index.php?rest_route=%2Fwp%2Fv2%2Fcomments&post=590"}],"version-history":[{"count":0,"href":"https:\/\/storytellers.se\/index.php?rest_route=\/wp\/v2\/posts\/590\/revisions"}],"wp:attachment":[{"href":"https:\/\/storytellers.se\/index.php?rest_route=%2Fwp%2Fv2%2Fmedia&parent=590"}],"wp:term":[{"taxonomy":"category","embeddable":true,"href":"https:\/\/storytellers.se\/index.php?rest_route=%2Fwp%2Fv2%2Fcategories&post=590"},{"taxonomy":"post_tag","embeddable":true,"href":"https:\/\/storytellers.se\/index.php?rest_route=%2Fwp%2Fv2%2Ftags&post=590"}],"curies":[{"name":"wp","href":"https:\/\/api.w.org\/{rel}","templated":true}]}}