{"id":5898,"date":"2017-11-05T14:25:56","date_gmt":"2017-11-05T13:25:56","guid":{"rendered":"http:\/\/storytellers.se\/?p=5898"},"modified":"2017-11-05T14:25:56","modified_gmt":"2017-11-05T13:25:56","slug":"forelasning-15-november","status":"publish","type":"post","link":"https:\/\/storytellers.se\/?p=5898","title":{"rendered":"F\u00f6rel\u00e4sning 15 november (inkl bok)"},"content":{"rendered":"<p>Den 15 november f\u00f6rel\u00e4ser jag i Stockholm. Efter 40.000 visningar och 700 likes p\u00e5 en f\u00e4rsk story p\u00e5 Linkedin fick jag s\u00e5 m\u00e5nga fr\u00e5gor.<\/p>\n<p><img decoding=\"async\" loading=\"lazy\" src=\"https:\/\/heijbel.files.wordpress.com\/2017\/11\/kurs-nov-001.jpeg\" alt=\"kurs.nov.001.jpeg\" width=\"1024\" height=\"768\" class=\"alignnone size-full wp-image-5900\" \/><\/p>\n<p>Med 20 \u00e5r i branschen ser jag att det \u00e4r vad, hur och n\u00e4r man ber\u00e4ttar. Oavsett man pratar, anv\u00e4nder sociala medier eller trycksaker.<\/p>\n<p>Erbjuder d\u00e4rf\u00f6r nu, p\u00e5 beg\u00e4ran, en inspirationsf\u00f6rel\u00e4sning igen. Till en symbolisk summa.<\/p>\n<p>Min bok ing\u00e5r.<\/p>\n<p>Jag ber\u00e4ttar och analyserar  varf\u00f6r exempelvis en ber\u00e4ttelse, den med 40.000 visningar, kan vara rent guld.<\/p>\n<p>Corporate Storytelling kan anv\u00e4ndas i olika sammanhang beroende p\u00e5 hur man t\u00e4nker strategiskt. Till stolthet, ledarskap, s\u00e4lj, rekrytering, organisationsutveckling, introduktion, mediarelationer &#8211; you name it.<\/p>\n<p>Jag arbetar med Corporate Storytelling utifr\u00e5n ett Harvard-perspektiv  i 100-tals organisationer i Sverige och internationellt<\/p>\n<p>Vill du vara min g\u00e4st den 15.11 kl 10.30 &#8211; 11.30 med m\u00f6jlighet till eftersnack fram till 12.00? Krukmakargatan 22, p\u00e5 S\u00f6der i Stockholm.<\/p>\n<p>Mejla matts@storytellers.se skriv ditt namn, organisation med rubriken 15 nov. S\u00e4tt in 500 sek + moms ( 625 ) p\u00e5 Storytellers Heijbel &amp; Co bg 799-1607. D\u00e5 ing\u00e5r 3e upplagan av min bok Storytelling befolkar varum\u00e4rket i priset.<\/p>\n<p>Studenter gratis.<\/p>\n<p>Kvitto p\u00e5 plats, faktura p\u00e5 beg\u00e4ran<\/p>\n","protected":false},"excerpt":{"rendered":"<p>Den 15 november f\u00f6rel\u00e4ser jag i Stockholm. Efter 40.000 visningar och 700 likes p\u00e5 en f\u00e4rsk story p\u00e5 Linkedin fick jag s\u00e5 m\u00e5nga fr\u00e5gor. Med 20 \u00e5r i branschen ser jag att det \u00e4r vad, hur och n\u00e4r man ber\u00e4ttar. Oavsett man pratar, anv\u00e4nder sociala medier eller trycksaker. Erbjuder d\u00e4rf\u00f6r nu, p\u00e5 beg\u00e4ran, en inspirationsf\u00f6rel\u00e4sning&#8230;<\/p>\n","protected":false},"author":2,"featured_media":0,"comment_status":"open","ping_status":"open","sticky":false,"template":"","format":"standard","meta":[],"categories":[9],"tags":[],"_links":{"self":[{"href":"https:\/\/storytellers.se\/index.php?rest_route=\/wp\/v2\/posts\/5898"}],"collection":[{"href":"https:\/\/storytellers.se\/index.php?rest_route=\/wp\/v2\/posts"}],"about":[{"href":"https:\/\/storytellers.se\/index.php?rest_route=\/wp\/v2\/types\/post"}],"author":[{"embeddable":true,"href":"https:\/\/storytellers.se\/index.php?rest_route=\/wp\/v2\/users\/2"}],"replies":[{"embeddable":true,"href":"https:\/\/storytellers.se\/index.php?rest_route=%2Fwp%2Fv2%2Fcomments&post=5898"}],"version-history":[{"count":0,"href":"https:\/\/storytellers.se\/index.php?rest_route=\/wp\/v2\/posts\/5898\/revisions"}],"wp:attachment":[{"href":"https:\/\/storytellers.se\/index.php?rest_route=%2Fwp%2Fv2%2Fmedia&parent=5898"}],"wp:term":[{"taxonomy":"category","embeddable":true,"href":"https:\/\/storytellers.se\/index.php?rest_route=%2Fwp%2Fv2%2Fcategories&post=5898"},{"taxonomy":"post_tag","embeddable":true,"href":"https:\/\/storytellers.se\/index.php?rest_route=%2Fwp%2Fv2%2Ftags&post=5898"}],"curies":[{"name":"wp","href":"https:\/\/api.w.org\/{rel}","templated":true}]}}