{"id":5891,"date":"2017-11-05T14:22:44","date_gmt":"2017-11-05T13:22:44","guid":{"rendered":"http:\/\/storytellers.se\/?p=5891"},"modified":"2017-11-05T14:22:44","modified_gmt":"2017-11-05T13:22:44","slug":"kampen-om-bilden-av-malmo","status":"publish","type":"post","link":"https:\/\/storytellers.se\/?p=5891","title":{"rendered":"Kampen om bilden av Malm\u00f6"},"content":{"rendered":"<p>Tack h\u00e4rliga Malm\u00f6 Stad f\u00f6r att jag nyligen fick f\u00f6rel\u00e4sa f\u00f6r drygt 100 kommunikat\u00f6rer i er organisation. Malm\u00f6 g\u00f6r ett fint arbete f\u00f6r att hantera sin plats p\u00e5 jorden.<\/p>\n<p><img decoding=\"async\" loading=\"lazy\" src=\"https:\/\/heijbel.files.wordpress.com\/2017\/11\/img_15052.jpg\" alt=\"IMG_1505.jpg\" width=\"1024\" height=\"768\" class=\"alignnone size-full wp-image-5894\" \/><\/p>\n<p>Kampen om den verkliga bilden av Malm\u00f6 p\u00e5g\u00e5r f\u00f6r fullt i bruset av Fake news, invandrarfientliga utfall och l\u00f6sryckta citat som surrar kring varum\u00e4rket Malm\u00f6.<\/p>\n<p>Men kommunikat\u00f6rerna utstr\u00e5lar \u00e4nd\u00e5 en f\u00f6rv\u00e4ntansfull segervittring om Malm\u00f6s framtid nu n\u00e4r det hela s\u00e4tter sig.<\/p>\n<p>Min roll var, som vanligt, att f\u00f6rsvara den verkliga ber\u00e4ttelsens kraft.<\/p>\n<p>Inga teser eller policies i det kommunala arbetet lyfter om man inte l\u00e4gger till sanna befolkade ber\u00e4ttelser som bekr\u00e4ftar id\u00e9erna och visar meningen med att arbeta f\u00f6r denna plats p\u00e5 jorden.<\/p>\n<p>Jag visade storyexempel fr\u00e5n Malm\u00f6 och andra kommuner som jag arbetat med. Jag f\u00f6rklarade att det faktiskt g\u00e5r att s\u00f6ka, finna och sk\u00f6rda en f\u00f6rsta repertoar av ber\u00e4ttelser redan f\u00f6rsta dagen bara man f\u00f6rst\u00e5r sig p\u00e5 metoden.<\/p>\n","protected":false},"excerpt":{"rendered":"<p>Tack h\u00e4rliga Malm\u00f6 Stad f\u00f6r att jag nyligen fick f\u00f6rel\u00e4sa f\u00f6r drygt 100 kommunikat\u00f6rer i er organisation. Malm\u00f6 g\u00f6r ett fint arbete f\u00f6r att hantera sin plats p\u00e5 jorden. Kampen om den verkliga bilden av Malm\u00f6 p\u00e5g\u00e5r f\u00f6r fullt i bruset av Fake news, invandrarfientliga utfall och l\u00f6sryckta citat som surrar kring varum\u00e4rket Malm\u00f6. Men&#8230;<\/p>\n","protected":false},"author":2,"featured_media":0,"comment_status":"open","ping_status":"open","sticky":false,"template":"","format":"standard","meta":[],"categories":[2],"tags":[],"_links":{"self":[{"href":"https:\/\/storytellers.se\/index.php?rest_route=\/wp\/v2\/posts\/5891"}],"collection":[{"href":"https:\/\/storytellers.se\/index.php?rest_route=\/wp\/v2\/posts"}],"about":[{"href":"https:\/\/storytellers.se\/index.php?rest_route=\/wp\/v2\/types\/post"}],"author":[{"embeddable":true,"href":"https:\/\/storytellers.se\/index.php?rest_route=\/wp\/v2\/users\/2"}],"replies":[{"embeddable":true,"href":"https:\/\/storytellers.se\/index.php?rest_route=%2Fwp%2Fv2%2Fcomments&post=5891"}],"version-history":[{"count":0,"href":"https:\/\/storytellers.se\/index.php?rest_route=\/wp\/v2\/posts\/5891\/revisions"}],"wp:attachment":[{"href":"https:\/\/storytellers.se\/index.php?rest_route=%2Fwp%2Fv2%2Fmedia&parent=5891"}],"wp:term":[{"taxonomy":"category","embeddable":true,"href":"https:\/\/storytellers.se\/index.php?rest_route=%2Fwp%2Fv2%2Fcategories&post=5891"},{"taxonomy":"post_tag","embeddable":true,"href":"https:\/\/storytellers.se\/index.php?rest_route=%2Fwp%2Fv2%2Ftags&post=5891"}],"curies":[{"name":"wp","href":"https:\/\/api.w.org\/{rel}","templated":true}]}}