{"id":588,"date":"2003-09-08T13:46:31","date_gmt":"2003-09-08T12:46:31","guid":{"rendered":"http:\/\/heijbel.wordpress.com\/2003\/09\/08\/sa-har-kan-du-arbeta-med-storytelling"},"modified":"2003-09-08T13:46:31","modified_gmt":"2003-09-08T12:46:31","slug":"sa-har-kan-du-arbeta-med-storytelling","status":"publish","type":"post","link":"https:\/\/storytellers.se\/?p=588","title":{"rendered":"S\u00e5 h\u00e4r kan du arbeta med storytelling"},"content":{"rendered":"<p>H\u00e4r \u00e4r n\u00e5gra enkla fr\u00e5gor som hj\u00e4lper n\u00e4r man vill arbeta med storytelling:<\/p>\n<p><!--more--><br \/>\n[b]F\u00e5nga upp stoff[\/b]<br \/>\nVar kom vi ifr\u00e5n? Vart \u00e4r vi p\u00e5 v\u00e4g?<br \/>\nN\u00e4r fattade vi ett bra beslut och varf\u00f6r?<br \/>\nN\u00e4r gick det snett? Hur undviker vi det?<br \/>\nVilka vill vi vara med? Vilka gillar vi inte?<br \/>\nVilka \u00e4r v\u00e5ra grundl\u00e4ggande v\u00e4rderingar?<br \/>\n[b]Paketera ber\u00e4ttelser[\/b]<br \/>\nIdentifiera m\u00e5lgrupper.<br \/>\nS\u00f6k och formulera anv\u00e4ndbara ber\u00e4ttelser.<br \/>\nVissa nyttan med tj\u00e4nsten ? produkten.<br \/>\n[b]B\u00f6rja ber\u00e4tta![\/b]<br \/>\nIdentifiera arenor f\u00f6r ber\u00e4ttande.<br \/>\nBer\u00e4tta s\u00e5 lyssnaren ser bilder.<br \/>\nG\u00f6r historierna dramaturgiskt sp\u00e4nnande.<br \/>\nIdentifiera kanaler d\u00e4r ber\u00e4ttelser kan f\u00f6rekomma naturligt.<br \/>\nSamordna med \u00f6vrig kommunikation<br \/>\nUtbilda och uppmuntra medarbetare i storytelling<br \/>\n[b]N\u00e5gra p\u00e5st\u00e5enden[\/b]<br \/>\nStories \u00e4r kulturb\u00e4rare. Har ber\u00e4ttats i \u00e5rtusenden.<br \/>\nStories \u00e4r ett s\u00e4tt att ta makten \u00f6ver den egna organisationshistorien.<br \/>\nStories \u00e4r ett s\u00e4tt att kommunicera uppf\u00f6randekoder.<br \/>\nStories \u00e4r ett s\u00e4tt att sprida kunskap och v\u00e4rderingar.<br \/>\nStories \u00e4r ett s\u00e4tt v\u00e4lkomna och introducera.<br \/>\nStories \u00e4r ett s\u00e4tt beskriva styrkor och svagheter.<br \/>\nStories har trov\u00e4rdighet eftersom man h\u00f6rt det sj\u00e4lv och lagt till egna k\u00e4nslor.<\/p>\n","protected":false},"excerpt":{"rendered":"<p>H\u00e4r \u00e4r n\u00e5gra enkla fr\u00e5gor som hj\u00e4lper n\u00e4r man vill arbeta med storytelling:<\/p>\n","protected":false},"author":2,"featured_media":0,"comment_status":"closed","ping_status":"closed","sticky":false,"template":"","format":"standard","meta":[],"categories":[2],"tags":[],"_links":{"self":[{"href":"https:\/\/storytellers.se\/index.php?rest_route=\/wp\/v2\/posts\/588"}],"collection":[{"href":"https:\/\/storytellers.se\/index.php?rest_route=\/wp\/v2\/posts"}],"about":[{"href":"https:\/\/storytellers.se\/index.php?rest_route=\/wp\/v2\/types\/post"}],"author":[{"embeddable":true,"href":"https:\/\/storytellers.se\/index.php?rest_route=\/wp\/v2\/users\/2"}],"replies":[{"embeddable":true,"href":"https:\/\/storytellers.se\/index.php?rest_route=%2Fwp%2Fv2%2Fcomments&post=588"}],"version-history":[{"count":0,"href":"https:\/\/storytellers.se\/index.php?rest_route=\/wp\/v2\/posts\/588\/revisions"}],"wp:attachment":[{"href":"https:\/\/storytellers.se\/index.php?rest_route=%2Fwp%2Fv2%2Fmedia&parent=588"}],"wp:term":[{"taxonomy":"category","embeddable":true,"href":"https:\/\/storytellers.se\/index.php?rest_route=%2Fwp%2Fv2%2Fcategories&post=588"},{"taxonomy":"post_tag","embeddable":true,"href":"https:\/\/storytellers.se\/index.php?rest_route=%2Fwp%2Fv2%2Ftags&post=588"}],"curies":[{"name":"wp","href":"https:\/\/api.w.org\/{rel}","templated":true}]}}