{"id":586,"date":"2003-09-07T13:45:13","date_gmt":"2003-09-07T12:45:13","guid":{"rendered":"http:\/\/heijbel.wordpress.com\/2003\/09\/07\/maste-det-vara-muntligt-berattande"},"modified":"2003-09-07T13:45:13","modified_gmt":"2003-09-07T12:45:13","slug":"maste-det-vara-muntligt-berattande","status":"publish","type":"post","link":"https:\/\/storytellers.se\/?p=586","title":{"rendered":"M\u00e5ste det vara muntligt ber\u00e4ttande?"},"content":{"rendered":"<p>En del storytellingpuritaner s\u00e4ger att det m\u00e5ste vara muntligt. De p\u00e5st\u00e5r ocks\u00e5 ibland att gruppen som lyssnar inte f\u00e5r vara st\u00f6rre \u00e4n ett visst antal m\u00e4nniskor. Jag h\u00e5ller med om att m\u00e5let \u00e4r att stimulera en sj\u00e4lvst\u00e4ndig levande muntlig ber\u00e4ttartradition men man beh\u00f6ver ju inte g\u00f6ra processen sv\u00e5rare \u00e4n n\u00f6dv\u00e4ndigt.<\/p>\n<p><!--more--><br \/>\nV\u00e4gen till levande storytelling i en organsiation kan mycket v\u00e4l g\u00e5 via intran\u00e4t, papper eller webb. Man kan ocks\u00e5 anv\u00e4nda film och internteve som p\u00e5 ett utm\u00e4rkt s\u00e4tt kommunicerar i b\u00e5de ord och bild vilket g\u00f6r det l\u00e4ttare f\u00f6r den som sett filmen att senare bli b\u00e4rare av budskapet.<br \/>\nN\u00e4r man samlar in stories eller omarbetar l\u00e4ngre dokument till kortfattad storytelling s\u00e5 \u00e4r det viktigt att den dramaturgiska formen blir s\u00e5 l\u00e4ttf\u00e5ngad och smittsam s\u00e5 att ber\u00e4ttelsen kan spridas muntligt.<br \/>\nLasta inte ned ber\u00e4ttelsen med f\u00f6r m\u00e5nga fakta som \u00e5rtal, summor, namn och titlar. D\u00e5 sl\u00e5r det hela \u00f6ver och blir till en l\u00e4xa som man m\u00e5ste l\u00e4ra sig. S\u00e5dant resulterar aldrig i det jag kallar storytelling i organisationer.<\/p>\n","protected":false},"excerpt":{"rendered":"<p>En del storytellingpuritaner s\u00e4ger att det m\u00e5ste vara muntligt. De p\u00e5st\u00e5r ocks\u00e5 ibland att gruppen som lyssnar inte f\u00e5r vara st\u00f6rre \u00e4n ett visst antal m\u00e4nniskor. Jag h\u00e5ller med om att m\u00e5let \u00e4r att stimulera en sj\u00e4lvst\u00e4ndig levande muntlig ber\u00e4ttartradition men man beh\u00f6ver ju inte g\u00f6ra processen sv\u00e5rare \u00e4n n\u00f6dv\u00e4ndigt.<\/p>\n","protected":false},"author":2,"featured_media":0,"comment_status":"closed","ping_status":"closed","sticky":false,"template":"","format":"standard","meta":[],"categories":[13],"tags":[],"_links":{"self":[{"href":"https:\/\/storytellers.se\/index.php?rest_route=\/wp\/v2\/posts\/586"}],"collection":[{"href":"https:\/\/storytellers.se\/index.php?rest_route=\/wp\/v2\/posts"}],"about":[{"href":"https:\/\/storytellers.se\/index.php?rest_route=\/wp\/v2\/types\/post"}],"author":[{"embeddable":true,"href":"https:\/\/storytellers.se\/index.php?rest_route=\/wp\/v2\/users\/2"}],"replies":[{"embeddable":true,"href":"https:\/\/storytellers.se\/index.php?rest_route=%2Fwp%2Fv2%2Fcomments&post=586"}],"version-history":[{"count":0,"href":"https:\/\/storytellers.se\/index.php?rest_route=\/wp\/v2\/posts\/586\/revisions"}],"wp:attachment":[{"href":"https:\/\/storytellers.se\/index.php?rest_route=%2Fwp%2Fv2%2Fmedia&parent=586"}],"wp:term":[{"taxonomy":"category","embeddable":true,"href":"https:\/\/storytellers.se\/index.php?rest_route=%2Fwp%2Fv2%2Fcategories&post=586"},{"taxonomy":"post_tag","embeddable":true,"href":"https:\/\/storytellers.se\/index.php?rest_route=%2Fwp%2Fv2%2Ftags&post=586"}],"curies":[{"name":"wp","href":"https:\/\/api.w.org\/{rel}","templated":true}]}}