{"id":5846,"date":"2017-09-27T09:39:41","date_gmt":"2017-09-27T07:39:41","guid":{"rendered":"http:\/\/storytellers.se\/?p=5846"},"modified":"2017-09-27T09:39:41","modified_gmt":"2017-09-27T07:39:41","slug":"damen-som-inte-ville-bada","status":"publish","type":"post","link":"https:\/\/storytellers.se\/?p=5846","title":{"rendered":"Damen som inte ville bada"},"content":{"rendered":"<p>Han t\u00e4nde ett doftljus, t\u00e4ckte badrumslampan med en vit handduk. Sen startade han lite mjuk vismusik i mobilen och bj\u00f6d p\u00e5 spa.<\/p>\n<p>Den ber\u00e4ttelsen sk\u00f6rdade jag f\u00f6r n\u00e5gra \u00e5r sedan:<\/p>\n<p><strong>Muhammed<\/strong>, f\u00f6dd i Malm\u00f6, med r\u00f6tter i Irak, hade g\u00e5tt omsorgsprogrammet p\u00e5 gymnasiet. Fick jobb i hemtj\u00e4nsten.<\/p>\n<p>En av brukarna \/ kunderna var <strong>Maria<\/strong>, en dam som inte ville duscha. Han fick absolut inte fick tvinga damen men det vore bra om hon duschade.<\/p>\n<p>\u2013 Det d\u00e4r har vi diskuterat mycket i skolan, hur man n\u00e4rmar sig brukarna \/ kunderna med respekt, svarade Muhammed med glimten i \u00f6gat.<\/p>\n<p><img decoding=\"async\" loading=\"lazy\" src=\"https:\/\/heijbel.files.wordpress.com\/2017\/09\/damen-001.jpeg\" alt=\"damen.001.jpeg\" width=\"1024\" height=\"768\" class=\"alignnone size-full wp-image-5848\" \/><\/p>\n<p>Han st\u00e4llde cykeln vid huset d\u00e4r Maria bodde. Gick upp tv\u00e5 trappor och ringde p\u00e5. Maria sl\u00e4ppte in honom och satte sig i stolen i rummet.<\/p>\n<p>Muhammed torkade, st\u00e4dade, tog hand om soporna och annat som han skulle. Sen sa han:<\/p>\n<p>\u2013 Du kanske kan g\u00f6ra dig i ordning nu f\u00f6r det \u00e4r dags f\u00f6r, \u00e4h, veckans Spa-behandling&#8230;<\/p>\n<p>Maria, som aldrig varit p\u00e5 Spa, blev s\u00e5 paff att hon direkt svarade ja.<\/p>\n<p>Muhammed t\u00e4nde sitt doftljus, startade sin vismusik i mobilen och hj\u00e4lpte henne respektfullt s\u00e5 som han l\u00e4rt sig i skolan.<\/p>\n<p>Sen den g\u00e5ngen ser Maria fram mot &#8221;veckans spa-behandling&#8221;.<\/p>\n<p><strong><em>\u2022 Det kanske inte \u00e4r s\u00e5 tokigt att jobba i hemtj\u00e4nsten<br \/>\n\u2022 Det finns entrepren\u00f6rer \u00f6verallt<br \/>\n\u2022 Malm\u00f6 \u00e4r en m\u00e5ngkulturell stad<br \/>\n\u2022 L\u00e4r av varandra<\/em> <\/strong><\/p>\n","protected":false},"excerpt":{"rendered":"<p>Han t\u00e4nde ett doftljus, t\u00e4ckte badrumslampan med en vit handduk. Sen startade han lite mjuk vismusik i mobilen och bj\u00f6d p\u00e5 spa. Den ber\u00e4ttelsen sk\u00f6rdade jag f\u00f6r n\u00e5gra \u00e5r sedan: Muhammed, f\u00f6dd i Malm\u00f6, med r\u00f6tter i Irak, hade g\u00e5tt omsorgsprogrammet p\u00e5 gymnasiet. Fick jobb i hemtj\u00e4nsten. En av brukarna \/ kunderna var Maria, en&#8230;<\/p>\n","protected":false},"author":2,"featured_media":0,"comment_status":"open","ping_status":"open","sticky":false,"template":"","format":"standard","meta":[],"categories":[10],"tags":[],"_links":{"self":[{"href":"https:\/\/storytellers.se\/index.php?rest_route=\/wp\/v2\/posts\/5846"}],"collection":[{"href":"https:\/\/storytellers.se\/index.php?rest_route=\/wp\/v2\/posts"}],"about":[{"href":"https:\/\/storytellers.se\/index.php?rest_route=\/wp\/v2\/types\/post"}],"author":[{"embeddable":true,"href":"https:\/\/storytellers.se\/index.php?rest_route=\/wp\/v2\/users\/2"}],"replies":[{"embeddable":true,"href":"https:\/\/storytellers.se\/index.php?rest_route=%2Fwp%2Fv2%2Fcomments&post=5846"}],"version-history":[{"count":0,"href":"https:\/\/storytellers.se\/index.php?rest_route=\/wp\/v2\/posts\/5846\/revisions"}],"wp:attachment":[{"href":"https:\/\/storytellers.se\/index.php?rest_route=%2Fwp%2Fv2%2Fmedia&parent=5846"}],"wp:term":[{"taxonomy":"category","embeddable":true,"href":"https:\/\/storytellers.se\/index.php?rest_route=%2Fwp%2Fv2%2Fcategories&post=5846"},{"taxonomy":"post_tag","embeddable":true,"href":"https:\/\/storytellers.se\/index.php?rest_route=%2Fwp%2Fv2%2Ftags&post=5846"}],"curies":[{"name":"wp","href":"https:\/\/api.w.org\/{rel}","templated":true}]}}