{"id":5838,"date":"2017-09-17T17:42:50","date_gmt":"2017-09-17T15:42:50","guid":{"rendered":"http:\/\/storytellers.se\/?p=5838"},"modified":"2017-09-17T17:42:50","modified_gmt":"2017-09-17T15:42:50","slug":"jag-vet-att-du-vet-att-jag-vet","status":"publish","type":"post","link":"https:\/\/storytellers.se\/?p=5838","title":{"rendered":"Jag vet att du vet att jag vet"},"content":{"rendered":"<p>Vi m\u00f6ts vid kaffeapparaten. Nickar tyst mot varandra. Delar kulturen p\u00e5 jobbet. Vi har ett kollektivt minne och kanske tankar om vad som p\u00e5g\u00e5r och rent av vart vi \u00e4r p\u00e5 v\u00e4g.<\/p>\n<p><img decoding=\"async\" loading=\"lazy\" src=\"https:\/\/heijbel.files.wordpress.com\/2017\/09\/namnlc3b6st-001.jpeg\" alt=\"Namnlo\u0308st.001.jpeg\" width=\"1024\" height=\"768\" class=\"alignnone size-full wp-image-5840\" \/><\/p>\n<p>Att p\u00e5 insidan dela en organisations ber\u00e4ttelser och visioner om framtiden \u00e4r att vara en del av triben \/ stammen. Vi sitter n\u00e4mligen i samma b\u00e5t.<\/p>\n<p>Vi delar, vare sig vi vill eller inte, organisationens kollektiva minne och kulturkapital.<\/p>\n<p>S\u00e5 \u00e4r det bara!<\/p>\n<p>Det \u00e4r h\u00e4r som Corporate Storytelling eller Storytelling i och om organisationer kommer in.<\/p>\n<p>Precis som i v\u00e5r n\u00e4rmaste organisation, familjen eller sl\u00e4kten, s\u00e5 b\u00e4rs kunskaper och v\u00e4rderingar ocks\u00e5 p\u00e5 jobbet av sorterade ber\u00e4ttelser fr\u00e5n verkligheten.<\/p>\n<p>Ledare och alla andra flockmedlemmar beh\u00f6ver, liksom alla m\u00e4nniskor i alla tider, ber\u00e4ttelser f\u00f6r att f\u00f6rst\u00e5 varf\u00f6r de h\u00e5ller p\u00e5 med det de g\u00f6r.<\/p>\n<p>Ber\u00e4ttelserna som finns i organisationen v\u00e4ver en bild av framtiden. Och l\u00e4gger nickande grund till p\u00e5st\u00e5endet: Jag vet att du vet att jag faktiskt vet.<\/p>\n<p>Vill du veta hur man aktiverar detta kulturkapital. Kontakta Storytellers Heijbel &amp; Co..<\/p>\n","protected":false},"excerpt":{"rendered":"<p>Vi m\u00f6ts vid kaffeapparaten. Nickar tyst mot varandra. Delar kulturen p\u00e5 jobbet. Vi har ett kollektivt minne och kanske tankar om vad som p\u00e5g\u00e5r och rent av vart vi \u00e4r p\u00e5 v\u00e4g. Att p\u00e5 insidan dela en organisations ber\u00e4ttelser och visioner om framtiden \u00e4r att vara en del av triben \/ stammen. Vi sitter n\u00e4mligen&#8230;<\/p>\n","protected":false},"author":2,"featured_media":0,"comment_status":"open","ping_status":"open","sticky":false,"template":"","format":"standard","meta":[],"categories":[2,9],"tags":[],"_links":{"self":[{"href":"https:\/\/storytellers.se\/index.php?rest_route=\/wp\/v2\/posts\/5838"}],"collection":[{"href":"https:\/\/storytellers.se\/index.php?rest_route=\/wp\/v2\/posts"}],"about":[{"href":"https:\/\/storytellers.se\/index.php?rest_route=\/wp\/v2\/types\/post"}],"author":[{"embeddable":true,"href":"https:\/\/storytellers.se\/index.php?rest_route=\/wp\/v2\/users\/2"}],"replies":[{"embeddable":true,"href":"https:\/\/storytellers.se\/index.php?rest_route=%2Fwp%2Fv2%2Fcomments&post=5838"}],"version-history":[{"count":0,"href":"https:\/\/storytellers.se\/index.php?rest_route=\/wp\/v2\/posts\/5838\/revisions"}],"wp:attachment":[{"href":"https:\/\/storytellers.se\/index.php?rest_route=%2Fwp%2Fv2%2Fmedia&parent=5838"}],"wp:term":[{"taxonomy":"category","embeddable":true,"href":"https:\/\/storytellers.se\/index.php?rest_route=%2Fwp%2Fv2%2Fcategories&post=5838"},{"taxonomy":"post_tag","embeddable":true,"href":"https:\/\/storytellers.se\/index.php?rest_route=%2Fwp%2Fv2%2Ftags&post=5838"}],"curies":[{"name":"wp","href":"https:\/\/api.w.org\/{rel}","templated":true}]}}